{"id":2273,"date":"2011-07-20T12:47:38","date_gmt":"2011-07-20T10:47:38","guid":{"rendered":"http:\/\/www.cdlpv.org\/dtl\/?p=2273"},"modified":"2011-07-20T12:47:38","modified_gmt":"2011-07-20T10:47:38","slug":"interes-judicial-i-setge-politic","status":"publish","type":"post","link":"https:\/\/www.cdlpv.org\/dtl\/2011\/07\/20\/interes-judicial-i-setge-politic\/","title":{"rendered":"Inter\u00e9s judicial i setge pol\u00edtic"},"content":{"rendered":"<p>La revista <em>Noticias Jur\u00eddicas<\/em> (<a href=\"http:\/\/noticias.juridicas.com\/actual\/veractual.php?id=2172\" target=\"_blank\">15.07.2011<\/a>) envia la nota d&#8217;actualitat seg\u00fcent:<\/p>\n<blockquote>\n<h2>El 64&nbsp;% dels alumnes de l&#8217;Escola Judicial s\u00f3n dones i el 25&nbsp;% estan interessats en rebre classes de catal\u00e0<\/h2>\n<p>El 65,2 per cent dels alumnes que han ingressat a l&#8217;Escola Judicial s\u00f3n dones i el 46,08 per cent estan interessats en rebre classes d&#8217;alguna llengua cooficial, gaireb\u00e9 la meitat d&#8217;ells de catal\u00e0.<\/p>\n<p>L&#8217;Escola Judicial, radicada a Barcelona, ha fet un balan\u00e7 sobre les \u00faltimes quinze promocions que han passat pel centre, de les quals han sortit 2.337 jutges de tot Espanya. Segons les dades, 836 homes i 1.501 dones s&#8217;han format en la instituci\u00f3 i la majoria d&#8217;ells ha dedicat una mitjana de quatre anys i quatre mesos a preparar l&#8217;oposici\u00f3.<\/p>\n[&#8230;]\n<\/p><\/blockquote>\n<p>Cal alegrar-se per l&#8217;inter\u00e9s suscitat per aprendre catal\u00e0. Ara b\u00e9 encara hi hauria m\u00e9s inter\u00e9s (o no gens) si simplement f\u00f3ra igual que el castell\u00e0: requisit obligatori. Segurament no en tenen gens d&#8217;inter\u00e9s, pel castell\u00e0, per\u00f2 ni hi pensen, perqu\u00e8 simplement \u00e9s com l&#8217;aire que respirem. El catal\u00e0 continua \u00e9s un complement accessori, i aix\u00f2 que \u00e9s llengua pr\u00f2pia, oficial i els ciutadans tenen dret a usar-lo i les lleis diuen que no poden ser discriminats per eixe fet. Per\u00f2 el cas \u00e9s que el diari Avui\u2002(<a href=\"http:\/\/www.elpunt.cat\/noticia\/article\/3-politica\/17-politica\/435765-setge-al-catala.html\" target=\"_blank\">18.07.2011<\/a>) exposava un panorama que continuava reflectint, en eixa data de l&#8217;alzamiento nacional, eixos altres temps:<\/p>\n<blockquote>\n<h2>Setge al catal\u00e0<\/h2>\n<h3>La llengua catalana \u00e9s objecte d&#8217;un atac continu, sobretot del PP A Catalunya, la sent\u00e8ncia de l&#8217;Estatut ha suposat l&#8217;enduriment de les hostilitats Al Pa\u00eds Valenci\u00e0 i a les Balears perilla l&#8217;educaci\u00f3 en catal\u00e0<\/h3>\n<p class=\"periodista\">Barcelona &#8211; M. Bataller \/ M. Altimira<\/p>\n<p>El catal\u00e0 viu una situaci\u00f3 complicada per l&#8217;assetjament de qu\u00e8 \u00e9s objecte en molts \u00e0mbits. El <span class=\"versaleta\">pp<\/span> \u00e9s un dels principals instigadors de les hostilitats, ja sigui des del govern \u2014Pa\u00eds Valenci\u00e0 o les Illes Balears\u2014 o recorrent als jutjats per tombar una llei referendada per tot un poble \u2014l&#8217;Estatut de Catalunya.<\/p>\n<h3>Pa\u00eds Valenci\u00e0<\/h3>\n<p>Els ciutadans del Pa\u00eds Valenci\u00e0 s\u00f3n dels que pateixen m\u00e9s l&#8217;ofec de les institucions p\u00fabliques. El govern de Francisco Camps (<span class=\"versaleta\">pp<\/span>) practica una pol\u00edtica anticatalana en tota regla i sempre s&#8217;ha oposat visceralment a la unitat ling\u00fc\u00edstica, tot i el gran nombre de sent\u00e8ncies judicials que li treuen la ra\u00f3. En aquest camp, un dels punts m\u00e9s calents ha estat la negativa a admetre en oposicions la llicenciatura de filologia catalana com a t\u00edtol que acredita el coneixement preceptiu del valenci\u00e0. A finals del mandat passat, la Generalitat Valenciana tamb\u00e9 va exigir que es retiressin uns referents valencians d&#8217;un web institucional sobre la cultura catalana promogut pel tripartit. La llavors portaveu del Consell, Paula S\u00e1nchez de Le\u00f3n, va enviar una carta al govern de la Generalitat de Catalunya en qu\u00e8 l&#8217;acusava d&#8217;apropiar-se s\u00edmbols valencians \u2013com ara Ausi\u00e0s Marc i Joanot Martorell\u2013 i tamb\u00e9 considerava que el concepte de Pa\u00efsos Catalans \u00e9s una fa&#320;l\u00e0cia.<\/p>\n<p>El llarg i feixuc conflicte pel tancament de les emissions de TV3 \u00e9s un episodi m\u00e9s del combat del <span class=\"versaleta\">pp<\/span> valenci\u00e0 contra tot all\u00f2 que representa una certa catalanitat. Fins i tot s&#8217;ha enfrontat amb la Generalitat de Catalunya per haver subvencionat Acci\u00f3 Cultural del Pa\u00eds Valenci\u00e0.<\/p>\n<p>Per\u00f2 l&#8217;\u00faltima pol\u00e8mica toca directament la immersi\u00f3 ling\u00fc\u00edstica a les escoles. Camps vol suprimir les l\u00ednies educatives en catal\u00e0 i articular-ne nom\u00e9s una que integraria el catal\u00e0, el castell\u00e0 i l&#8217;angl\u00e8s impartits a parts iguals. La intenci\u00f3 \u00e9s aplicar el programa a partir del curs 2012-2013. La reacci\u00f3 no s&#8217;ha fet esperat, i ja s&#8217;han organitzat manifestacions per defensar un ensenyament de qualitat i en catal\u00e0. L&#8217;entitat c\u00edvica Escola Valenciana t\u00e9 previst denunciar al Parlament Europeu l&#8217;anomenat decret pluriling\u00fce.<\/p>\n[&#8230;]\n<\/blockquote>\n","protected":false},"excerpt":{"rendered":"<p>La revista Noticias Jur\u00eddicas (15.07.2011) envia la nota d&#8217;actualitat seg\u00fcent: El 64&nbsp;% dels alumnes de l&#8217;Escola Judicial s\u00f3n dones i el 25&nbsp;% estan interessats en rebre classes de catal\u00e0 El 65,2 per cent dels alumnes que han ingressat a l&#8217;Escola Judicial s\u00f3n dones i el 46,08 per cent estan interessats en rebre classes d&#8217;alguna llengua [&hellip;]<\/p>\n","protected":false},"author":2,"featured_media":0,"comment_status":"open","ping_status":"open","sticky":false,"template":"","format":"standard","meta":{"footnotes":""},"categories":[2,1,19,27],"tags":[164,262,348],"class_list":["post-2273","post","type-post","status-publish","format-standard","hentry","category-comunicacio","category-general","category-politica","category-sociolinguistica","tag-educacio","tag-justicia","tag-paisos-catalans"],"_links":{"self":[{"href":"https:\/\/www.cdlpv.org\/dtl\/wp-json\/wp\/v2\/posts\/2273","targetHints":{"allow":["GET"]}}],"collection":[{"href":"https:\/\/www.cdlpv.org\/dtl\/wp-json\/wp\/v2\/posts"}],"about":[{"href":"https:\/\/www.cdlpv.org\/dtl\/wp-json\/wp\/v2\/types\/post"}],"author":[{"embeddable":true,"href":"https:\/\/www.cdlpv.org\/dtl\/wp-json\/wp\/v2\/users\/2"}],"replies":[{"embeddable":true,"href":"https:\/\/www.cdlpv.org\/dtl\/wp-json\/wp\/v2\/comments?post=2273"}],"version-history":[{"count":0,"href":"https:\/\/www.cdlpv.org\/dtl\/wp-json\/wp\/v2\/posts\/2273\/revisions"}],"wp:attachment":[{"href":"https:\/\/www.cdlpv.org\/dtl\/wp-json\/wp\/v2\/media?parent=2273"}],"wp:term":[{"taxonomy":"category","embeddable":true,"href":"https:\/\/www.cdlpv.org\/dtl\/wp-json\/wp\/v2\/categories?post=2273"},{"taxonomy":"post_tag","embeddable":true,"href":"https:\/\/www.cdlpv.org\/dtl\/wp-json\/wp\/v2\/tags?post=2273"}],"curies":[{"name":"wp","href":"https:\/\/api.w.org\/{rel}","templated":true}]}}