{"id":227,"date":"2007-11-14T12:42:54","date_gmt":"2007-11-14T11:42:54","guid":{"rendered":"http:\/\/www.cdlpv.org\/dtl\/?p=227"},"modified":"2007-11-14T12:42:54","modified_gmt":"2007-11-14T11:42:54","slug":"multicerca-valencia-col%c2%b7loquial-optimot-i-criter","status":"publish","type":"post","link":"https:\/\/www.cdlpv.org\/dtl\/2007\/11\/14\/multicerca-valencia-col%c2%b7loquial-optimot-i-criter\/","title":{"rendered":"Multicerca: valenci\u00e0 col\u00b7loquial, Optimot i CRITER"},"content":{"rendered":"<p><a href=\"http:\/\/www.geocities.com\/golls.geo\/Multicerca\/entorn.htm\" target=\"_blank\"><img decoding=\"async\" src=\"http:\/\/www.cdlpv.org\/dtl\/wp-content\/themes\/sandpress\/images\/mltc.jpg\" align=\"right\"><\/a><br \/>\nLes \u00faltimes incorporacions al <a href=\"http:\/\/www.geocities.com\/golls.geo\/Multicerca\/entorn.htm\" target=\"_blank\">Multicerca<\/a> s\u00f3n:<\/p>\n<ul>\n<li>10.11.2007: (4.1) <em>Diccionari hist\u00f2ric del valenci\u00e0 col\u00b7loquial<\/em> (Joaquim Mart\u00ed Mestre).<\/li>\n<li>14.11.2007: (6.3) Optimot (Consultes ling\u00fc\u00edstiques &#8211; Generalitat de Catalunya).<\/li>\n<li>14.11.2007: (39.1) Corpus du R\u00e9seau Interminist\u00e9riel de Terminologie <span class=\"versaleta\">(criter)<\/span> (Govern de Fran\u00e7a).<\/li>\n<\/ul>\n<p>Uns recursos de cerca terminol\u00f2gica que esperem que vos siguen ben \u00fatils.<\/p>\n","protected":false},"excerpt":{"rendered":"<p>Les \u00faltimes incorporacions al Multicerca s\u00f3n: 10.11.2007: (4.1) Diccionari hist\u00f2ric del valenci\u00e0 col\u00b7loquial (Joaquim Mart\u00ed Mestre). 14.11.2007: (6.3) Optimot (Consultes ling\u00fc\u00edstiques &#8211; Generalitat de Catalunya). 14.11.2007: (39.1) Corpus du R\u00e9seau Interminist\u00e9riel de Terminologie (criter) (Govern de Fran\u00e7a). Uns recursos de cerca terminol\u00f2gica que esperem que vos siguen ben \u00fatils.<\/p>\n","protected":false},"author":2,"featured_media":0,"comment_status":"open","ping_status":"open","sticky":false,"template":"","format":"standard","meta":{"footnotes":""},"categories":[6,10,1,17,30],"tags":[106,143,321,342],"class_list":["post-227","post","type-post","status-publish","format-standard","hentry","category-eines-de-llengua","category-formacio","category-general","category-normativa","category-terminologia","tag-colloquial","tag-diccionari","tag-multicerca","tag-optimot"],"_links":{"self":[{"href":"https:\/\/www.cdlpv.org\/dtl\/wp-json\/wp\/v2\/posts\/227","targetHints":{"allow":["GET"]}}],"collection":[{"href":"https:\/\/www.cdlpv.org\/dtl\/wp-json\/wp\/v2\/posts"}],"about":[{"href":"https:\/\/www.cdlpv.org\/dtl\/wp-json\/wp\/v2\/types\/post"}],"author":[{"embeddable":true,"href":"https:\/\/www.cdlpv.org\/dtl\/wp-json\/wp\/v2\/users\/2"}],"replies":[{"embeddable":true,"href":"https:\/\/www.cdlpv.org\/dtl\/wp-json\/wp\/v2\/comments?post=227"}],"version-history":[{"count":0,"href":"https:\/\/www.cdlpv.org\/dtl\/wp-json\/wp\/v2\/posts\/227\/revisions"}],"wp:attachment":[{"href":"https:\/\/www.cdlpv.org\/dtl\/wp-json\/wp\/v2\/media?parent=227"}],"wp:term":[{"taxonomy":"category","embeddable":true,"href":"https:\/\/www.cdlpv.org\/dtl\/wp-json\/wp\/v2\/categories?post=227"},{"taxonomy":"post_tag","embeddable":true,"href":"https:\/\/www.cdlpv.org\/dtl\/wp-json\/wp\/v2\/tags?post=227"}],"curies":[{"name":"wp","href":"https:\/\/api.w.org\/{rel}","templated":true}]}}