{"id":2269,"date":"2011-07-15T13:57:45","date_gmt":"2011-07-15T11:57:45","guid":{"rendered":"http:\/\/www.cdlpv.org\/dtl\/?p=2269"},"modified":"2011-07-15T13:57:45","modified_gmt":"2011-07-15T11:57:45","slug":"la-universitat-de-valencia-i-el-cinema-destiu","status":"publish","type":"post","link":"https:\/\/www.cdlpv.org\/dtl\/2011\/07\/15\/la-universitat-de-valencia-i-el-cinema-destiu\/","title":{"rendered":"La Universitat de Val\u00e8ncia i el cinema d&#8217;estiu"},"content":{"rendered":"<p>Arran de la programaci\u00f3 de pe&#320;l\u00edcules doblades i nom\u00e9s en castell\u00e0 en el cicle denominat <a href=\"http:\/\/www.uv.es\/uvweb\/universitat\/ca\/llista-noticies\/comenca-nits-cinema-claustre-nau-dema-divendres-1285846070123\/Noticia.html?id=1285846785024\" target=\"_blank\">\u00abNits de Cinema al claustre de La Nau\u00bb<\/a> de la Universitat de Val\u00e8ncia, el professor Ferran Suay ha enviat la carta seg\u00fcent al vicerectorat:<\/p>\n<blockquote><p>\nBenvolgut Sr. Vicerector,<\/p>\n<p>He rebut informaci\u00f3 sobre les nits de cinema al claustre, i \u2014en accedir a la programaci\u00f3\u2014 he comprovat amb gran sorpresa que el 100% de les pe&#320;l\u00edcules programades s\u00f3n en espanyol. M&#8217;ha xocat especialment perqu\u00e8, com sabeu molt b\u00e9, aquesta \u00e9s exactament la mateixa pol\u00edtica ling\u00fc\u00edstica que s&#8217;aplica a la televisi\u00f3 p\u00fablica valenciana, i la que apliquen tamb\u00e9 les sales privades de cinema. D&#8217;aquesta manera, l&#8217;oferta de cinema en valenci\u00e0 \u00e9s pr\u00e0cticament nu&#320;la.<\/p>\n<p>Sincerament, jo esperava \u2014de la meua universitat\u2014 una conducta ben diferent. Especialment, tenint el compte que el Servei de Pol\u00edtica Ling\u00fc\u00edstica disposa de pe&#320;l\u00edcules en valenci\u00e0 que -\u00f2bviament- podria posar a disposici\u00f3 d&#8217;una iniciativa tan ben pensada com les nits de cinema al claustre.<\/p>\n<p>Considerant que el vostre vicerectorat \u00e9s \u2014tamb\u00e9\u2014 d&#8217;igualtat, crec que cabria esperar que s&#8217;ocupe d&#8217;una de les desigualtats m\u00e9s extremes que podem observar-se en la nostra societat, com \u00e9s la desigualtat ling\u00fc\u00edstica, i que actue \u2014en la mesura de les seues possibilitats\u2014 en la l\u00ednia de compensar la severa discriminaci\u00f3 que pateixen les persones que volen accedir a activitats en valenci\u00e0, en comptes de fer-ho per a incrementar \u2014encara m\u00e9s\u2014 la molt abundant oferta d&#8217;activitats l\u00fadiques i culturals en la llengua dels castellans.<\/p>\n<p>Programar nits de cinema en valenci\u00e0 seria una bona manera d&#8217;actuar efectivament a favor de la igualtat.<\/p>\n<p>Rebeu una respectuosa salutaci\u00f3,<\/p>\n<p>Prof. Ferran Suay (PhD)<br \/>\nDepartament de Psicobiologia<br \/>\nUniversitat de Val\u00e8ncia\n<\/p><\/blockquote>\n<p>Curiosament, la denominaci\u00f3 del cicle est\u00e0 (nom\u00e9s) en valenci\u00e0, per\u00f2 paradoxalment nom\u00e9s hi ha cinema en castell\u00e0. La Universitat de Val\u00e8ncia t\u00e9 la capacitat i suposem que els coneixements per a actuar un poc millor quant a la disponibilitat ling\u00fc\u00edstica de les seues activitats i iniciatives.<\/p>\n","protected":false},"excerpt":{"rendered":"<p>Arran de la programaci\u00f3 de pe&#320;l\u00edcules doblades i nom\u00e9s en castell\u00e0 en el cicle denominat \u00abNits de Cinema al claustre de La Nau\u00bb de la Universitat de Val\u00e8ncia, el professor Ferran Suay ha enviat la carta seg\u00fcent al vicerectorat: Benvolgut Sr. Vicerector, He rebut informaci\u00f3 sobre les nits de cinema al claustre, i \u2014en accedir [&hellip;]<\/p>\n","protected":false},"author":2,"featured_media":0,"comment_status":"open","ping_status":"open","sticky":false,"template":"","format":"standard","meta":{"footnotes":""},"categories":[36,1,47,27],"tags":[495],"class_list":["post-2269","post","type-post","status-publish","format-standard","hentry","category-allofobia","category-general","category-planificacio","category-sociolinguistica","tag-universitat-de-valencia"],"_links":{"self":[{"href":"https:\/\/www.cdlpv.org\/dtl\/wp-json\/wp\/v2\/posts\/2269","targetHints":{"allow":["GET"]}}],"collection":[{"href":"https:\/\/www.cdlpv.org\/dtl\/wp-json\/wp\/v2\/posts"}],"about":[{"href":"https:\/\/www.cdlpv.org\/dtl\/wp-json\/wp\/v2\/types\/post"}],"author":[{"embeddable":true,"href":"https:\/\/www.cdlpv.org\/dtl\/wp-json\/wp\/v2\/users\/2"}],"replies":[{"embeddable":true,"href":"https:\/\/www.cdlpv.org\/dtl\/wp-json\/wp\/v2\/comments?post=2269"}],"version-history":[{"count":0,"href":"https:\/\/www.cdlpv.org\/dtl\/wp-json\/wp\/v2\/posts\/2269\/revisions"}],"wp:attachment":[{"href":"https:\/\/www.cdlpv.org\/dtl\/wp-json\/wp\/v2\/media?parent=2269"}],"wp:term":[{"taxonomy":"category","embeddable":true,"href":"https:\/\/www.cdlpv.org\/dtl\/wp-json\/wp\/v2\/categories?post=2269"},{"taxonomy":"post_tag","embeddable":true,"href":"https:\/\/www.cdlpv.org\/dtl\/wp-json\/wp\/v2\/tags?post=2269"}],"curies":[{"name":"wp","href":"https:\/\/api.w.org\/{rel}","templated":true}]}}