{"id":2262,"date":"2011-07-02T08:37:12","date_gmt":"2011-07-02T06:37:12","guid":{"rendered":"http:\/\/www.cdlpv.org\/dtl\/?p=2262"},"modified":"2011-07-02T08:37:12","modified_gmt":"2011-07-02T06:37:12","slug":"personal-investigador-per-a-la-jaume-i","status":"publish","type":"post","link":"https:\/\/www.cdlpv.org\/dtl\/2011\/07\/02\/personal-investigador-per-a-la-jaume-i\/","title":{"rendered":"Personal investigador per a la Jaume I"},"content":{"rendered":"<p>En el <em>Diari Oficial de la Comunitat Valenciana<\/em> (n\u00fam. 6.552, 27.06.211; <a href=\"http:\/\/www.docv.gva.es\/datos\/2011\/06\/27\/pdf\/2011_7103.pdf\" target=\"_blank\"><span class=\"versaleta\">[pdf]<\/span><\/a>) apareix la convocat\u00f2ria seg\u00fcent:<\/p>\n<blockquote><p>\nResoluci\u00f3 de 16 de juny de 2011, del Rectorat de la Universitat Jaume I, per la qual es convoca una oferta p\u00fablica per a la selecci\u00f3 d\u2019un personal investigador d\u2019aquest organisme, amb contracte laboral temporal per obra o servei a temps parcial. Projecte \u00abDise\u00f1o y creaci\u00f3n de un corpus comparable con <span class=\"versaleta\">covalt<\/span>. An\u00e1lisis traductol\u00f3gico y explotaci\u00f3n did\u00e1ctica de ambos corpus\u00bb codi 09I387. [2011\/7103]\n[&#8230;]\n<p><em>Primera. Denominaci\u00f3 del lloc de treball<\/em><br \/>\nPersonal investigador.<\/p>\n<p><em>Segona. Retribuci\u00f3 \u00edntegra mensual<\/em><br \/>\nLa retribuci\u00f3 \u00edntegra mensual, inclosa la part proporcional de les pagues extres, ser\u00e0 de 719,79 euros en concepte de sou base.<\/p>\n<p><em>Tercera. Objecte i per\u00edode<\/em><br \/>\nCo&#320;laborar en la realitzaci\u00f3 del projecte d\u2019investigaci\u00f3: \u00abDise\u00f1o y creaci\u00f3n de un corpus comparable con COVALT. An\u00e1lisis traductol\u00f3gico y explotaci\u00f3n did\u00e1ctica de ambos corpus\u00bb, codi 09I387 amb funcions de t\u00e8cnic\/a superior de suport a la investigaci\u00f3.<\/p>\n<p>La durada prevista d\u2019aquest contracte \u00e9s de 3 mesos. En tot cas la durada del contracte est\u00e0 vinculada a la durada del projecte i la disponibilitat pressupost\u00e0ria d\u2019aquest.<\/p>\n<p>El per\u00edode de prova establert ser\u00e0 el que s\u2019indique en la legislaci\u00f3 laboral en vigor.<\/p>\n<p><em>Quarta. Jornada de treball <\/em>A temps parcial (15 hores setmanals).\n<\/p><\/blockquote>\n<p>El termini \u00e9s de deu dies naturals des de l&#8217;endem\u00e0 de la publicaci\u00f3 en el <span class=\"versaleta\"><em>docv<\/em><\/span>. Per a qualsevol aclariment sobre la convocat\u00f2ria, les persones interessades poden dirigir-se al professor Josep Marco Borillo (c\/e: <a href=\"mailto:jmarco@trad.uji.es\" target=\"_blank\"><em>jmarco@trad.uji.es<\/em><\/a>).<\/p>\n","protected":false},"excerpt":{"rendered":"<p>En el Diari Oficial de la Comunitat Valenciana (n\u00fam. 6.552, 27.06.211; [pdf]) apareix la convocat\u00f2ria seg\u00fcent: Resoluci\u00f3 de 16 de juny de 2011, del Rectorat de la Universitat Jaume I, per la qual es convoca una oferta p\u00fablica per a la selecci\u00f3 d\u2019un personal investigador d\u2019aquest organisme, amb contracte laboral temporal per obra o servei [&hellip;]<\/p>\n","protected":false},"author":2,"featured_media":0,"comment_status":"open","ping_status":"open","sticky":false,"template":"","format":"standard","meta":{"footnotes":""},"categories":[1,15,22],"tags":[477],"class_list":["post-2262","post","type-post","status-publish","format-standard","hentry","category-general","category-laboral","category-recerca","tag-traduccio"],"_links":{"self":[{"href":"https:\/\/www.cdlpv.org\/dtl\/wp-json\/wp\/v2\/posts\/2262","targetHints":{"allow":["GET"]}}],"collection":[{"href":"https:\/\/www.cdlpv.org\/dtl\/wp-json\/wp\/v2\/posts"}],"about":[{"href":"https:\/\/www.cdlpv.org\/dtl\/wp-json\/wp\/v2\/types\/post"}],"author":[{"embeddable":true,"href":"https:\/\/www.cdlpv.org\/dtl\/wp-json\/wp\/v2\/users\/2"}],"replies":[{"embeddable":true,"href":"https:\/\/www.cdlpv.org\/dtl\/wp-json\/wp\/v2\/comments?post=2262"}],"version-history":[{"count":0,"href":"https:\/\/www.cdlpv.org\/dtl\/wp-json\/wp\/v2\/posts\/2262\/revisions"}],"wp:attachment":[{"href":"https:\/\/www.cdlpv.org\/dtl\/wp-json\/wp\/v2\/media?parent=2262"}],"wp:term":[{"taxonomy":"category","embeddable":true,"href":"https:\/\/www.cdlpv.org\/dtl\/wp-json\/wp\/v2\/categories?post=2262"},{"taxonomy":"post_tag","embeddable":true,"href":"https:\/\/www.cdlpv.org\/dtl\/wp-json\/wp\/v2\/tags?post=2262"}],"curies":[{"name":"wp","href":"https:\/\/api.w.org\/{rel}","templated":true}]}}