{"id":2250,"date":"2011-06-27T09:19:02","date_gmt":"2011-06-27T07:19:02","guid":{"rendered":"http:\/\/www.cdlpv.org\/dtl\/?p=2250"},"modified":"2011-06-27T09:19:02","modified_gmt":"2011-06-27T07:19:02","slug":"les-provincies-basques","status":"publish","type":"post","link":"https:\/\/www.cdlpv.org\/dtl\/2011\/06\/27\/les-provincies-basques\/","title":{"rendered":"Les prov\u00edncies basques"},"content":{"rendered":"<p>Diu el diari <em>El Pa\u00eds<\/em> (23.06.2011):<\/p>\n<blockquote>\n<h2>Les prov\u00edncies basques es denominaran en \u00e8uscar<\/h2>\n<p>El Senat va aprovar ahir per 130 vots a favor i 110 en contra <span class=\"versaleta\">(pp)<\/span> el canvi de nom de les prov\u00edncies basques, que es denominaran en \u00e8uscar: Araba\/\u00c1lava, Guipuzkoa i Bizkaia.\n<\/p><\/blockquote>\n<p>Sembla que \u00e9s inevitable que eixe diari introdu\u00efxca quasi sistem\u00e0ticament errors ortogr\u00e0fics en qualsevol escrit en valenci\u00e0, gallec o \u00e8uscar. En este cas es tracta de Guipuzkoa*, que en basc s&#8217;escriu Gipuzkoa. La majoria de diaris ho han reprodu\u00eft correctament. Naturalment, la denominaci\u00f3 Araba\/\u00c1lava, no \u00e9s basca, sin\u00f3 biling\u00fce basc\/castell\u00e0.<\/p>\n","protected":false},"excerpt":{"rendered":"<p>Diu el diari El Pa\u00eds (23.06.2011): Les prov\u00edncies basques es denominaran en \u00e8uscar El Senat va aprovar ahir per 130 vots a favor i 110 en contra (pp) el canvi de nom de les prov\u00edncies basques, que es denominaran en \u00e8uscar: Araba\/\u00c1lava, Guipuzkoa i Bizkaia. Sembla que \u00e9s inevitable que eixe diari introdu\u00efxca quasi sistem\u00e0ticament [&hellip;]<\/p>\n","protected":false},"author":2,"featured_media":0,"comment_status":"open","ping_status":"open","sticky":false,"template":"","format":"standard","meta":{"footnotes":""},"categories":[1,32],"tags":[346,434],"class_list":["post-2250","post","type-post","status-publish","format-standard","hentry","category-general","category-toponimia","tag-pais-basc","tag-senat"],"_links":{"self":[{"href":"https:\/\/www.cdlpv.org\/dtl\/wp-json\/wp\/v2\/posts\/2250","targetHints":{"allow":["GET"]}}],"collection":[{"href":"https:\/\/www.cdlpv.org\/dtl\/wp-json\/wp\/v2\/posts"}],"about":[{"href":"https:\/\/www.cdlpv.org\/dtl\/wp-json\/wp\/v2\/types\/post"}],"author":[{"embeddable":true,"href":"https:\/\/www.cdlpv.org\/dtl\/wp-json\/wp\/v2\/users\/2"}],"replies":[{"embeddable":true,"href":"https:\/\/www.cdlpv.org\/dtl\/wp-json\/wp\/v2\/comments?post=2250"}],"version-history":[{"count":0,"href":"https:\/\/www.cdlpv.org\/dtl\/wp-json\/wp\/v2\/posts\/2250\/revisions"}],"wp:attachment":[{"href":"https:\/\/www.cdlpv.org\/dtl\/wp-json\/wp\/v2\/media?parent=2250"}],"wp:term":[{"taxonomy":"category","embeddable":true,"href":"https:\/\/www.cdlpv.org\/dtl\/wp-json\/wp\/v2\/categories?post=2250"},{"taxonomy":"post_tag","embeddable":true,"href":"https:\/\/www.cdlpv.org\/dtl\/wp-json\/wp\/v2\/tags?post=2250"}],"curies":[{"name":"wp","href":"https:\/\/api.w.org\/{rel}","templated":true}]}}