{"id":2242,"date":"2011-06-22T10:02:53","date_gmt":"2011-06-22T08:02:53","guid":{"rendered":"http:\/\/www.cdlpv.org\/dtl\/?p=2242"},"modified":"2011-06-22T10:02:53","modified_gmt":"2011-06-22T08:02:53","slug":"politica-linguistica-catalana-i-balear","status":"publish","type":"post","link":"https:\/\/www.cdlpv.org\/dtl\/2011\/06\/22\/politica-linguistica-catalana-i-balear\/","title":{"rendered":"Pol\u00edtica ling\u00fc\u00edstica catalana i balear"},"content":{"rendered":"<p>Fa uns mesos el govern catal\u00e0 aprov\u00e0 dos decrets (200\/2010 i 45\/2011; veg. <span class=\"versaleta\"><em>dtl<\/em><\/span>, <a href=\"http:\/\/www.cdlpv.org\/dtl\/?p=1901\" target=\"_blank\">20.01.2011<\/a>) mitjan\u00e7ant els quals adscrivia les atribucions de pol\u00edtica ling\u00fc\u00edstica al Departament de Cultura. El nou govern de les Illes Balears elimina ara <a href=\"http:\/\/boib.caib.es\/pdf\/2011091\/mp6.pdf\" target=\"_blank\"><span class=\"versaleta\">[pdf: boib 91]<\/span><\/a> fins i tot la direcci\u00f3 general i adscriu eixes atribucions a la Direcci\u00f3 General de Cultura i Joventut (Vilaweb, 20.06.2011):<\/p>\n<blockquote>\n<h2>Bauz\u00e1 suprimeix la direcci\u00f3 general de pol\u00edtica ling\u00fc\u00edstica<\/h2>\n<h3>Les compet\u00e8ncies passaran a dependre de la direcci\u00f3 general de Cultura i Joventut<\/h3>\n<p>El nou govern balear de Jos\u00e9 Ram\u00f3n Bauz\u00e1 no comptar\u00e0 amb la direcci\u00f3 general de Pol\u00edtica Ling\u00fc\u00edstica, que aquesta \u00faltima legislatura havia dirigit Margalida Tous. Les compet\u00e8ncies d&#8217;aquesta \u00e0rea passaran a dependre de la direcci\u00f3 general de Cultura i Joventut. Bauz\u00e0 ha dit que ara era m\u00e9s important com sortir de la crisi i com trobar llocs de feina <a href=\"http:\/\/www.vilaweb.cat\/media\/attach\/vwedts\/docs\/bauzallengua.mp3\" target=\"_blank\">(\u00e0udio)<\/a>. L&#8217;Obra Cultural Balear <a href=\"http:\/\/www.ocb.cat\/\" target=\"_blank\"><span class=\"versaleta\">(ocb)<\/span><\/a> ha em\u00e8s un <a href=\"http:\/\/www.ocb.cat\/index.php?noticia=1728\" target=\"_blank\">comunicat<\/a> per denunciar la decisi\u00f3 de Bauz\u00e1.<\/p>\n<p>En el comunicat, l&#8217;<span class=\"versaleta\">ocb<\/span> \u00ablamenta la desaparici\u00f3 com a tal de la direcci\u00f3 general de Pol\u00edtica Ling\u00fc\u00edstica\u00bb. Per a l&#8217;entitat, \u00ab\u00e9s del tot desencertat, i demostra molt poca sensibilitat cap a la llengua pr\u00f2pia, la creaci\u00f3 d\u2019una direcci\u00f3 general que agrupa Cultura i Joventut i que inclou de forma subsidi\u00e0ria compet\u00e8ncies en mat\u00e8ria de normalitzaci\u00f3 ling\u00fc\u00edstica\u00bb. L&#8217;<span class=\"versaleta\">ocb<\/span> considera que \u00abels tres \u00e0mbits s\u00f3n prou importants per dedicar-los \u00e0rees de gesti\u00f3 concretes\u00bb.\n<\/p><\/blockquote>\n<p>En lloc de resoldre els problemes socials i combatre&#8217;ls amb m\u00e9s formaci\u00f3, capacitaci\u00f3 i refor\u00e7ament de l&#8217;estat de dret, la crisi financera derivada de la desregulaci\u00f3 p\u00fablica i de l&#8217;incompliment dels deures professionals bancaris, financers, empresarials i pol\u00edtics, es fa servir d&#8217;excusa per a ampliar les discriminacions i les desigualtats injustes entre els ciutadans.<\/p>\n","protected":false},"excerpt":{"rendered":"<p>Fa uns mesos el govern catal\u00e0 aprov\u00e0 dos decrets (200\/2010 i 45\/2011; veg. dtl, 20.01.2011) mitjan\u00e7ant els quals adscrivia les atribucions de pol\u00edtica ling\u00fc\u00edstica al Departament de Cultura. El nou govern de les Illes Balears elimina ara [pdf: boib 91] fins i tot la direcci\u00f3 general i adscriu eixes atribucions a la Direcci\u00f3 General de [&hellip;]<\/p>\n","protected":false},"author":2,"featured_media":0,"comment_status":"open","ping_status":"open","sticky":false,"template":"","format":"standard","meta":{"footnotes":""},"categories":[4,1,47,19],"tags":[96,240,376],"class_list":["post-2242","post","type-post","status-publish","format-standard","hentry","category-dret","category-general","category-planificacio","category-politica","tag-catalunya","tag-illes-balears","tag-politica-linguistica"],"_links":{"self":[{"href":"https:\/\/www.cdlpv.org\/dtl\/wp-json\/wp\/v2\/posts\/2242","targetHints":{"allow":["GET"]}}],"collection":[{"href":"https:\/\/www.cdlpv.org\/dtl\/wp-json\/wp\/v2\/posts"}],"about":[{"href":"https:\/\/www.cdlpv.org\/dtl\/wp-json\/wp\/v2\/types\/post"}],"author":[{"embeddable":true,"href":"https:\/\/www.cdlpv.org\/dtl\/wp-json\/wp\/v2\/users\/2"}],"replies":[{"embeddable":true,"href":"https:\/\/www.cdlpv.org\/dtl\/wp-json\/wp\/v2\/comments?post=2242"}],"version-history":[{"count":0,"href":"https:\/\/www.cdlpv.org\/dtl\/wp-json\/wp\/v2\/posts\/2242\/revisions"}],"wp:attachment":[{"href":"https:\/\/www.cdlpv.org\/dtl\/wp-json\/wp\/v2\/media?parent=2242"}],"wp:term":[{"taxonomy":"category","embeddable":true,"href":"https:\/\/www.cdlpv.org\/dtl\/wp-json\/wp\/v2\/categories?post=2242"},{"taxonomy":"post_tag","embeddable":true,"href":"https:\/\/www.cdlpv.org\/dtl\/wp-json\/wp\/v2\/tags?post=2242"}],"curies":[{"name":"wp","href":"https:\/\/api.w.org\/{rel}","templated":true}]}}