{"id":2239,"date":"2011-06-17T12:35:43","date_gmt":"2011-06-17T10:35:43","guid":{"rendered":"http:\/\/www.cdlpv.org\/dtl\/?p=2239"},"modified":"2011-06-17T12:35:43","modified_gmt":"2011-06-17T10:35:43","slug":"flaixos-dajudes-i-subvencions","status":"publish","type":"post","link":"https:\/\/www.cdlpv.org\/dtl\/2011\/06\/17\/flaixos-dajudes-i-subvencions\/","title":{"rendered":"Flaixos d&#8217;ajudes i subvencions"},"content":{"rendered":"<p>Els <em>Flaixos d\u2019Actualitat<\/em> (<a href=\"http:\/\/www6.gencat.cat\/llengcat\/Flaixos_74\/www20.gencat.cat\/portal\/site\/Llengcat\/menuitem.08f45c9e3857090e3285bdb1b0c0e1a0\/index88fa.html\" target=\"_blank\">n\u00fam. 74<\/a>, 16.06.2011) ens envien, entre altres, les informacions seg\u00fcents:<\/p>\n<blockquote>\n<h2>Ajuts al doblatge i la subtitulaci\u00f3<\/h2>\n<p>La Direcci\u00f3 General de Pol\u00edtica Ling\u00fc\u00edstica ha obert la convocat\u00f2ria p\u00fablica per a la concessi\u00f3 d&#8217;ajuts a iniciatives destinades a augmentar les estrenes comercials de llargmetratges doblats o subtitulats en llengua catalana per a l&#8217;any 2011. El termini de presentaci\u00f3 de les so&#320;licituds \u00e9s del 27 de maig al 30 de setembre de 2011.<\/p>\n<p>M\u00e9s informaci\u00f3: <a href=\"http:\/\/www.gencat.cat\/llengua\/subvencions\" target=\"_blank\"><em>http:\/\/www.gencat.cat\/llengua\/subvencions<\/em><\/a><\/p>\n<h2>Convocat\u00f2ria de subvencions per a la promoci\u00f3 de l\u2019\u00fas de la llengua catalana a Catalunya<\/h2>\n<p>La Direcci\u00f3 General de Pol\u00edtica Ling\u00fc\u00edstica ha obert el termini de presentaci\u00f3 de so&#320;licituds per a les subvencions per a iniciatives adre\u00e7ades a promoure l\u2019\u00fas de la llengua catalana a Catalunya. S\u2019hi poden presentar les entitats sense finalitat de lucre que tinguin la seva seu en l\u2019\u00e0mbit territorial de Catalunya. Les so&#320;licituds es poden presentar fins al dia 20 de juny de 2011.<\/p>\n<p>Podeu consultar tota la informaci\u00f3 relacionada amb aquesta convocat\u00f2ria (bases, impresos, models orientatius, etc.) a: <a href=\"http:\/\/www.gencat.cat\/llengua\/subvencions\" target=\"_blank\"><em>http:\/\/www.gencat.cat\/llengua\/subvencions<\/em><\/a>\n<\/p><\/blockquote>\n","protected":false},"excerpt":{"rendered":"<p>Els Flaixos d\u2019Actualitat (n\u00fam. 74, 16.06.2011) ens envien, entre altres, les informacions seg\u00fcents: Ajuts al doblatge i la subtitulaci\u00f3 La Direcci\u00f3 General de Pol\u00edtica Ling\u00fc\u00edstica ha obert la convocat\u00f2ria p\u00fablica per a la concessi\u00f3 d&#8217;ajuts a iniciatives destinades a augmentar les estrenes comercials de llargmetratges doblats o subtitulats en llengua catalana per a l&#8217;any 2011. [&hellip;]<\/p>\n","protected":false},"author":2,"featured_media":0,"comment_status":"open","ping_status":"open","sticky":false,"template":"","format":"standard","meta":{"footnotes":""},"categories":[42,1,28],"tags":[51,68,96,206],"class_list":["post-2239","post","type-post","status-publish","format-standard","hentry","category-cinema-comunicacio","category-general","category-subvencions","tag-ajudes","tag-associacions","tag-catalunya","tag-flaixos-dactualitat"],"_links":{"self":[{"href":"https:\/\/www.cdlpv.org\/dtl\/wp-json\/wp\/v2\/posts\/2239","targetHints":{"allow":["GET"]}}],"collection":[{"href":"https:\/\/www.cdlpv.org\/dtl\/wp-json\/wp\/v2\/posts"}],"about":[{"href":"https:\/\/www.cdlpv.org\/dtl\/wp-json\/wp\/v2\/types\/post"}],"author":[{"embeddable":true,"href":"https:\/\/www.cdlpv.org\/dtl\/wp-json\/wp\/v2\/users\/2"}],"replies":[{"embeddable":true,"href":"https:\/\/www.cdlpv.org\/dtl\/wp-json\/wp\/v2\/comments?post=2239"}],"version-history":[{"count":0,"href":"https:\/\/www.cdlpv.org\/dtl\/wp-json\/wp\/v2\/posts\/2239\/revisions"}],"wp:attachment":[{"href":"https:\/\/www.cdlpv.org\/dtl\/wp-json\/wp\/v2\/media?parent=2239"}],"wp:term":[{"taxonomy":"category","embeddable":true,"href":"https:\/\/www.cdlpv.org\/dtl\/wp-json\/wp\/v2\/categories?post=2239"},{"taxonomy":"post_tag","embeddable":true,"href":"https:\/\/www.cdlpv.org\/dtl\/wp-json\/wp\/v2\/tags?post=2239"}],"curies":[{"name":"wp","href":"https:\/\/api.w.org\/{rel}","templated":true}]}}