{"id":2232,"date":"2011-06-16T08:00:03","date_gmt":"2011-06-16T06:00:03","guid":{"rendered":"http:\/\/www.cdlpv.org\/dtl\/?p=2232"},"modified":"2011-06-16T08:00:03","modified_gmt":"2011-06-16T06:00:03","slug":"el-valor-de-la-lengua","status":"publish","type":"post","link":"https:\/\/www.cdlpv.org\/dtl\/2011\/06\/16\/el-valor-de-la-lengua\/","title":{"rendered":"El valor de la lengua"},"content":{"rendered":"<div style=\"float:right; margin:0 0 10px 10px;\"><iframe loading=\"lazy\" width=\"300\" height=\"200\" src=\"http:\/\/www.youtube.com\/embed\/yhcGfJCF0_U\" frameborder=\"0\" allowfullscreen><\/iframe><\/div>\n<div style=\"float:right; margin:0 0 10px 10px;\"><iframe loading=\"lazy\" width=\"300\" height=\"200\" src=\"http:\/\/www.youtube.com\/embed\/iH34fo-v3MA\" frameborder=\"0\" allowfullscreen><\/iframe><\/div>\n<p>Qui vullga aprofitar mitja horeta, pot escoltar Moreno Cabrera en dos v\u00eddeos sobre el valor econ\u00f2mic i \u00abimperial\u00bb de l&#8217;espanyol. Transcripci\u00f3 d&#8217;un fragment del primer v\u00eddeo:<\/p>\n<blockquote><p>\nAqu\u00ed tenemos dos citas que son interesantes porque se contradicen. Dice en la p\u00e1gina 39: \u00abRespecto a otros activos \u2014ya se est\u00e1 hablando de lenguas como de activos, como los activos, las acciones, activos econ\u00f3micos\u2014, lo singular de un idioma \u2014es un activo curioso\u2014 es que carece de depreciaci\u00f3n\u00bb&#8230; Han encontrado, el capitalismo ha encontrado por fin, un producto que no tiene depreciaci\u00f3n. [&#8230;] Pero en la p\u00e1gina 34 dice lo siguiente, \u00a1literal!, \u00a1textual!: \u00abDesde su nacimiento, la actividad de la Real Academia Espa\u00f1ola ha estado orientada a reglamentar el adecuado empleo del idioma para evitar, entre otras cosas, que la degradaci\u00f3n por el uso\u00bb&#8230; Pero, \u00a1bueno!, vamos a ver, esto lo dice en la p\u00e1gina 34, y resulta que dice que hay una instituci\u00f3n, la Real Academia Espa\u00f1ola, que evita la&#8230;, o que intenta evitar, la degradaci\u00f3n por el uso. Bien, todo esto es pura palabrer\u00eda, no tiene ning\u00fan apoyo cient\u00edfico en la ling\u00fc\u00edstica.\n<\/p><\/blockquote>\n","protected":false},"excerpt":{"rendered":"<p>Qui vullga aprofitar mitja horeta, pot escoltar Moreno Cabrera en dos v\u00eddeos sobre el valor econ\u00f2mic i \u00abimperial\u00bb de l&#8217;espanyol. Transcripci\u00f3 d&#8217;un fragment del primer v\u00eddeo: Aqu\u00ed tenemos dos citas que son interesantes porque se contradicen. Dice en la p\u00e1gina 39: \u00abRespecto a otros activos \u2014ya se est\u00e1 hablando de lenguas como de activos, como [&hellip;]<\/p>\n","protected":false},"author":2,"featured_media":0,"comment_status":"open","ping_status":"open","sticky":false,"template":"","format":"standard","meta":{"footnotes":""},"categories":[41,2,1,47,19],"tags":[191,376],"class_list":["post-2232","post","type-post","status-publish","format-standard","hentry","category-castella","category-comunicacio","category-general","category-planificacio","category-politica","tag-estatal","tag-politica-linguistica"],"_links":{"self":[{"href":"https:\/\/www.cdlpv.org\/dtl\/wp-json\/wp\/v2\/posts\/2232","targetHints":{"allow":["GET"]}}],"collection":[{"href":"https:\/\/www.cdlpv.org\/dtl\/wp-json\/wp\/v2\/posts"}],"about":[{"href":"https:\/\/www.cdlpv.org\/dtl\/wp-json\/wp\/v2\/types\/post"}],"author":[{"embeddable":true,"href":"https:\/\/www.cdlpv.org\/dtl\/wp-json\/wp\/v2\/users\/2"}],"replies":[{"embeddable":true,"href":"https:\/\/www.cdlpv.org\/dtl\/wp-json\/wp\/v2\/comments?post=2232"}],"version-history":[{"count":0,"href":"https:\/\/www.cdlpv.org\/dtl\/wp-json\/wp\/v2\/posts\/2232\/revisions"}],"wp:attachment":[{"href":"https:\/\/www.cdlpv.org\/dtl\/wp-json\/wp\/v2\/media?parent=2232"}],"wp:term":[{"taxonomy":"category","embeddable":true,"href":"https:\/\/www.cdlpv.org\/dtl\/wp-json\/wp\/v2\/categories?post=2232"},{"taxonomy":"post_tag","embeddable":true,"href":"https:\/\/www.cdlpv.org\/dtl\/wp-json\/wp\/v2\/tags?post=2232"}],"curies":[{"name":"wp","href":"https:\/\/api.w.org\/{rel}","templated":true}]}}