{"id":2229,"date":"2011-06-15T08:00:09","date_gmt":"2011-06-15T06:00:09","guid":{"rendered":"http:\/\/www.cdlpv.org\/dtl\/?p=2229"},"modified":"2011-06-15T08:00:09","modified_gmt":"2011-06-15T06:00:09","slug":"premi-per-a-la-recerca-en-catala","status":"publish","type":"post","link":"https:\/\/www.cdlpv.org\/dtl\/2011\/06\/15\/premi-per-a-la-recerca-en-catala\/","title":{"rendered":"Premi per a la recerca en catal\u00e0"},"content":{"rendered":"<p>La Universitat de Val\u00e8ncia (SPL) ens envia la convocat\u00f2ria seg\u00fcent:<\/p>\n<blockquote><p>\nDes de l\u2019any 2008, la Xarxa Vives co&#320;labora amb l\u2019<a href=\"http:\/\/www.institutmonjuic.cat\/\" target=\"_blank\">Institut M\u00f3n Ju\u00efc<\/a> en la convocat\u00f2ria del premi Cum Laude, que compta amb el suport de la Generalitat de Catalunya. L\u2019objectiu del guard\u00f3 \u00e9s premiar les obres de recerca d\u2019alt nivell de l\u2019\u00e0mbit d\u2019humanitats escrites en catal\u00e0, difondre-les i demostrar que la llengua catalana, quan el contingut que revela \u00e9s de qualitat, travessa fronteres i que les prim\u00edcies, les troballes i els resultats de la recerca dels investigadors dels territoris de parla catalana s\u2019han de fer p\u00fablics en catal\u00e0, per tal d\u2019assegurar-ne el prestigi.<\/p>\n<p>A la convocat\u00f2ria poden participar els estudiosos que hagen defensat la seua tesi doctoral en el decurs de l\u2019any corresponent a la convocat\u00f2ria en qualsevol universitat de la Xarxa Vives, que hagen obtingut la qualificaci\u00f3 de <em>cum laude<\/em> i que l\u2019hagen redactada en catal\u00e0.<\/p>\n<p><span class=\"versaleta\">iv<\/span> edici\u00f3 (2011, tesis 2010)<br \/>\nBases de la convocat\u00f2ria <a href=\"http:\/\/www.vives.org\/files\/2011\/05\/bases_premi_cumlaude_2011.pdf\" target=\"_blank\"><span class=\"versaleta\">[pdf]<\/span><\/a>\n<\/p><\/blockquote>\n","protected":false},"excerpt":{"rendered":"<p>La Universitat de Val\u00e8ncia (SPL) ens envia la convocat\u00f2ria seg\u00fcent: Des de l\u2019any 2008, la Xarxa Vives co&#320;labora amb l\u2019Institut M\u00f3n Ju\u00efc en la convocat\u00f2ria del premi Cum Laude, que compta amb el suport de la Generalitat de Catalunya. L\u2019objectiu del guard\u00f3 \u00e9s premiar les obres de recerca d\u2019alt nivell de l\u2019\u00e0mbit d\u2019humanitats escrites en [&hellip;]<\/p>\n","protected":false},"author":2,"featured_media":0,"comment_status":"open","ping_status":"open","sticky":false,"template":"","format":"standard","meta":{"footnotes":""},"categories":[10,1,28],"tags":[380,500],"class_list":["post-2229","post","type-post","status-publish","format-standard","hentry","category-formacio","category-general","category-subvencions","tag-premis","tag-universitats"],"_links":{"self":[{"href":"https:\/\/www.cdlpv.org\/dtl\/wp-json\/wp\/v2\/posts\/2229","targetHints":{"allow":["GET"]}}],"collection":[{"href":"https:\/\/www.cdlpv.org\/dtl\/wp-json\/wp\/v2\/posts"}],"about":[{"href":"https:\/\/www.cdlpv.org\/dtl\/wp-json\/wp\/v2\/types\/post"}],"author":[{"embeddable":true,"href":"https:\/\/www.cdlpv.org\/dtl\/wp-json\/wp\/v2\/users\/2"}],"replies":[{"embeddable":true,"href":"https:\/\/www.cdlpv.org\/dtl\/wp-json\/wp\/v2\/comments?post=2229"}],"version-history":[{"count":0,"href":"https:\/\/www.cdlpv.org\/dtl\/wp-json\/wp\/v2\/posts\/2229\/revisions"}],"wp:attachment":[{"href":"https:\/\/www.cdlpv.org\/dtl\/wp-json\/wp\/v2\/media?parent=2229"}],"wp:term":[{"taxonomy":"category","embeddable":true,"href":"https:\/\/www.cdlpv.org\/dtl\/wp-json\/wp\/v2\/categories?post=2229"},{"taxonomy":"post_tag","embeddable":true,"href":"https:\/\/www.cdlpv.org\/dtl\/wp-json\/wp\/v2\/tags?post=2229"}],"curies":[{"name":"wp","href":"https:\/\/api.w.org\/{rel}","templated":true}]}}