{"id":221,"date":"2007-11-07T18:58:54","date_gmt":"2007-11-07T17:58:54","guid":{"rendered":"http:\/\/www.cdlpv.org\/dtl\/?p=221"},"modified":"2007-11-07T18:58:54","modified_gmt":"2007-11-07T17:58:54","slug":"lletres-accents-i-digrafs-en-internet","status":"publish","type":"post","link":"https:\/\/www.cdlpv.org\/dtl\/2007\/11\/07\/lletres-accents-i-digrafs-en-internet\/","title":{"rendered":"Lletres, accents i d\u00edgrafs en Internet"},"content":{"rendered":"<p>La xarxa d&#8217;Internet ens aporta algunes novetats ling\u00fc\u00edstiques, que hem vist recollides en els diari <em>Avui<\/em> i <em>El Pa\u00eds<\/em> amb enfocaments diferents, com era previsible, naturalment.<\/p>\n<p>El diai <em>Avui<\/em> (<a href=\"http:\/\/www.avui.cat\/article\/tec_ciencia\/\/7407\/la\/c\/arriba\/dominis\/es.html\" target=\"_blank\">02.10.2007<\/a>) titulava una not\u00edcia d&#8217;ag\u00e8ncia:<\/p>\n<blockquote>\n<h2>La &#8220;\u00e7&#8221; arriba als dominis &#8220;.es&#8221;<\/h2>\n<h3>L&#8217;\u00e8xit de la prova pilot dels &#8220;.cat&#8221; ha portat l&#8217;ICANN, l&#8217;organisme internacional que regula els dominis de primer nivell, a obrir aquesta possibilitat a altres terminacions. En total, l&#8217;ens estatal admetr\u00e0 tretze car\u00e0cters especials<\/h3>\n<\/blockquote>\n<p>&nbsp;<\/p>\n<p>En canvi, el diari <em>El Pa\u00eds<\/em> (<a href=\"\" target=\"_blank\">05.11.2007<\/a> i <a href=\"http:\/\/www.elpais.com\/articulo\/cultura\/ene\/conquista\/ciberespacio\/elpepucul\/20071106elpepicul_3\/Tes\" target=\"_blank\">06.11.2007<\/a>) es movia entre els or\u00edgens i la identitat a l&#8217;estil de Raimon o li donava un to m\u00e9s \u00e8pic, propi d&#8217;un poc contingut imperialisme \u2013dir\u00edem\u2013:<\/p>\n<blockquote>\n<h2>El espa\u00f1ol ya tiene identidad en Internet<\/h2>\n<h3>El presidente del Gobierno ha presidido esta tarde el acto de presentaci\u00f3n de los dominios multiling\u00fces en la Real Academia<\/h3>\n<h5>DAVID CORRAL &#8211; Madrid &#8211; 05\/11\/2007 <\/h5>\n<\/blockquote>\n<blockquote>\n<h2>La e\u00f1e conquista el ciberespacio<\/h2>\n<h3>Zapatero preside en la Academia la presentaci\u00f3n de los nuevos dominios &#8220;.es&#8221; <\/h3>\n<h5>JOS\u00c9 ANDR\u00c9S ROJO &#8211; Madrid &#8211; 06\/11\/2007 <\/h5>\n<\/blockquote>\n<p>&nbsp;<\/p>\n<p>En qualsevol cas, i per deixar const\u00e0ncia del nostre petit \u00e8xit cultural, queda clar tamb\u00e9 l&#8217;\u00e8xit del domini .cat, tal com recullen les estad\u00edstiques fins a l&#8217;abril que d\u00f3na el web del <a href=\"http:\/\/domini.cat\/estadistiques\/0704.html\" target=\"_blank\">domini .CAT<\/a>.<\/p>\n","protected":false},"excerpt":{"rendered":"<p>La xarxa d&#8217;Internet ens aporta algunes novetats ling\u00fc\u00edstiques, que hem vist recollides en els diari Avui i El Pa\u00eds amb enfocaments diferents, com era previsible, naturalment. El diai Avui (02.10.2007) titulava una not\u00edcia d&#8217;ag\u00e8ncia: La &#8220;\u00e7&#8221; arriba als dominis &#8220;.es&#8221; L&#8217;\u00e8xit de la prova pilot dels &#8220;.cat&#8221; ha portat l&#8217;ICANN, l&#8217;organisme internacional que regula els [&hellip;]<\/p>\n","protected":false},"author":2,"featured_media":0,"comment_status":"open","ping_status":"open","sticky":false,"template":"","format":"standard","meta":{"footnotes":""},"categories":[2,10,1,19],"tags":[],"class_list":["post-221","post","type-post","status-publish","format-standard","hentry","category-comunicacio","category-formacio","category-general","category-politica"],"_links":{"self":[{"href":"https:\/\/www.cdlpv.org\/dtl\/wp-json\/wp\/v2\/posts\/221","targetHints":{"allow":["GET"]}}],"collection":[{"href":"https:\/\/www.cdlpv.org\/dtl\/wp-json\/wp\/v2\/posts"}],"about":[{"href":"https:\/\/www.cdlpv.org\/dtl\/wp-json\/wp\/v2\/types\/post"}],"author":[{"embeddable":true,"href":"https:\/\/www.cdlpv.org\/dtl\/wp-json\/wp\/v2\/users\/2"}],"replies":[{"embeddable":true,"href":"https:\/\/www.cdlpv.org\/dtl\/wp-json\/wp\/v2\/comments?post=221"}],"version-history":[{"count":0,"href":"https:\/\/www.cdlpv.org\/dtl\/wp-json\/wp\/v2\/posts\/221\/revisions"}],"wp:attachment":[{"href":"https:\/\/www.cdlpv.org\/dtl\/wp-json\/wp\/v2\/media?parent=221"}],"wp:term":[{"taxonomy":"category","embeddable":true,"href":"https:\/\/www.cdlpv.org\/dtl\/wp-json\/wp\/v2\/categories?post=221"},{"taxonomy":"post_tag","embeddable":true,"href":"https:\/\/www.cdlpv.org\/dtl\/wp-json\/wp\/v2\/tags?post=221"}],"curies":[{"name":"wp","href":"https:\/\/api.w.org\/{rel}","templated":true}]}}