{"id":2209,"date":"2011-06-09T08:45:29","date_gmt":"2011-06-09T06:45:29","guid":{"rendered":"http:\/\/www.cdlpv.org\/dtl\/?p=2209"},"modified":"2011-06-09T08:45:29","modified_gmt":"2011-06-09T06:45:29","slug":"concessio-de-les-beques-del-pla-eva-del-2011","status":"publish","type":"post","link":"https:\/\/www.cdlpv.org\/dtl\/2011\/06\/09\/concessio-de-les-beques-del-pla-eva-del-2011\/","title":{"rendered":"Concessi\u00f3 de les beques del Pla EVA del 2011"},"content":{"rendered":"<p>El <em>Diari Oficial de la Comunitat Valenciana<\/em> (6.537, 07.06.2011) publica la resoluci\u00f3 de concessi\u00f3 de les beques del pla EVA d&#8217;enguany:<\/p>\n<blockquote><p>Resoluci\u00f3 de 23 de maig de 2011, de la secret\u00e0ria auton\u00f2mica d&#8217;Educaci\u00f3, per la qual es concedixen beques per a la realitzaci\u00f3 de treballs d&#8217;investigaci\u00f3 dins del Pla d&#8217;Estudis del Valenci\u00e0 Actual 2011. <a href=\"http:\/\/www.docv.gva.es\/datos\/2011\/06\/07\/pdf\/2011_6380.pdf\" target=\"_blank\"><span class=\"versaleta\">[pdf]<\/span><\/a><\/p><\/blockquote>\n<p>Els treballs que s&#8217;han repartit l&#8217;import global de 32.000 euros s\u00f3n:<\/p>\n<blockquote class=\"nota\">\n<table border=\"1\" cellspacing=\"0\" cellpadding=\"0\">\n<tbody>\n<tr>\n<td width=\"300\" valign=\"top\"><em>N\u00fam. \/ Nom del projecte<\/em><\/td>\n<td width=\"189\" valign=\"top\"><em>Autor\/s<\/em><\/td>\n<td width=\"54\" valign=\"top\"><em>Dotaci\u00f3<\/em><\/td>\n<\/tr>\n<tr>\n<td width=\"300\" valign=\"top\"><strong>1.<\/strong> Escoltem, llegim i fem<\/td>\n<td width=\"189\" valign=\"top\">Dom\u00e9nech Rodr\u00edguez, M. Pilar; Dom\u00e9nech Zornoza, Josep   Llu\u00eds; Huguet Enguita, Jes\u00fas<\/td>\n<td width=\"54\" valign=\"top\">1.200 \u20ac<\/td>\n<\/tr>\n<tr>\n<td width=\"300\" valign=\"top\"><strong>2.<\/strong> Guia de conversa valenci\u00e0-japon\u00e9s<\/td>\n<td width=\"189\" valign=\"top\">Lozano Gonz\u00e1lez, Helena<\/td>\n<td width=\"54\" valign=\"top\">2.300 \u20ac<\/td>\n<\/tr>\n<tr>\n<td width=\"300\" valign=\"top\"><strong>3.<\/strong> Valenci\u00e0 especialitzat per al sector de   l\u2019agricultura i la pesca I: Aspectes gramaticals i convencions   ortotipogr\u00e0fiques<\/td>\n<td width=\"189\" valign=\"top\">Lluch Herv\u00e0s, Joan-Antoni<\/td>\n<td width=\"54\" valign=\"top\">1.950 \u20ac<\/td>\n<\/tr>\n<tr>\n<td width=\"300\" valign=\"top\"><strong>4.<\/strong> Recopilaci\u00f3 i traducci\u00f3 al valenci\u00e0 de locucions   no-verbals franceses per al seu tractament lexicogr\u00e0fic<\/td>\n<td width=\"189\" valign=\"top\">Sierra Soriano, M. Ascensi\u00f3n<\/td>\n<td width=\"54\" valign=\"top\">2.400 \u20ac<\/td>\n<\/tr>\n<tr>\n<td width=\"300\" valign=\"top\"><strong>5.<\/strong> Traducci\u00f3 al valenci\u00e0 d\u2019\u00f2peres franceses i alemanyes<\/td>\n<td width=\"189\" valign=\"top\">Ratfisch Siffermann, Cristina<\/td>\n<td width=\"54\" valign=\"top\">2.500 \u20ac<\/td>\n<\/tr>\n<tr>\n<td width=\"300\" valign=\"top\"><strong>6.<\/strong> Elaboraci\u00f3 de materials per a l\u2019aprenentatge del   valenci\u00e0 adre\u00e7at a immigrants. Valenci\u00e0, dibuixos i rock and roll<\/td>\n<td width=\"189\" valign=\"top\">Prenafeta i Bar\u00f3, Carme<\/td>\n<td width=\"54\" valign=\"top\">500 \u20ac<\/td>\n<\/tr>\n<tr>\n<td width=\"300\" valign=\"top\"><strong>7.<\/strong> Littlemoon, un projecte biling\u00fce<\/td>\n<td width=\"189\" valign=\"top\">Luna Esparza, Maria Pilar<\/td>\n<td width=\"54\" valign=\"top\">500 \u20ac<\/td>\n<\/tr>\n<tr>\n<td width=\"300\" valign=\"top\"><strong>8.<\/strong> P\u00edndoles formatives en format est\u00e0ndard per a   l\u2019autoaprenentatge del valenci\u00e0<\/td>\n<td width=\"189\" valign=\"top\">Grau Mart\u00ednez, Vicent<\/td>\n<td width=\"54\" valign=\"top\">2.900 \u20ac<\/td>\n<\/tr>\n<tr>\n<td width=\"300\" valign=\"top\"><strong>9.<\/strong> INTERVAL: nivell elemental i adaptaci\u00f3 al sistema de   puntuaci\u00f3 de les proves de la JQCV<\/td>\n<td width=\"189\" valign=\"top\">Ba\u00f1o Burgos, Jorge Javier; Ferre Hern\u00e1ndez, M Vict\u00f2ria<\/td>\n<td width=\"54\" valign=\"top\">1.000 \u20ac<\/td>\n<\/tr>\n<tr>\n<td width=\"300\" valign=\"top\"><strong>10.<\/strong> Traducci\u00f3 al castell\u00e0 d\u2019una antologia de quatre   poetes valencians contemporanis<\/td>\n<td width=\"189\" valign=\"top\">Navarro Tom\u00e0s, Alexandre-Josep<\/td>\n<td width=\"54\" valign=\"top\">400 \u20ac<\/td>\n<\/tr>\n<tr>\n<td width=\"300\" valign=\"top\"><strong>11.<\/strong> Projecte A\u00b7PROVA: aplicaci\u00f3 d\u2019autoaprenentatge de   valenci\u00e0 per a les proves de la JQCV amb les TIC<\/td>\n<td width=\"189\" valign=\"top\">Moral Elola, I\u00f1aki Borja<\/td>\n<td width=\"54\" valign=\"top\">1.500 \u20ac<\/td>\n<\/tr>\n<tr>\n<td width=\"300\" valign=\"top\"><strong>12.<\/strong> Materials per a l\u2019avaluaci\u00f3 dels nivells   d\u2019ensenyament i aprenentatge del valenci\u00e0<\/td>\n<td width=\"189\" valign=\"top\">Pellicer Borr\u00e0s, Joan Enric<\/td>\n<td width=\"54\" valign=\"top\">1.900 \u20ac<\/td>\n<\/tr>\n<tr>\n<td width=\"300\" valign=\"top\"><strong>13.<\/strong> Material did\u00e0ctic per a un curs d\u2019iniciaci\u00f3 al   llenguatge valenci\u00e0 del sector inform\u00e0tic<\/td>\n<td width=\"189\" valign=\"top\">Escolano L\u00f3pez, Robert; Ivars Ribes, Xavier<\/td>\n<td width=\"54\" valign=\"top\">1.950 \u20ac<\/td>\n<\/tr>\n<tr>\n<td width=\"300\" valign=\"top\"><strong>14.<\/strong> Noves can\u00e7ons per a noves situacions. Reelaboraci\u00f3   del can\u00e7oner infantil valenci\u00e0<\/td>\n<td width=\"189\" valign=\"top\">Guardiola Guardiola, Laura<\/td>\n<td width=\"54\" valign=\"top\">500 \u20ac<\/td>\n<\/tr>\n<tr>\n<td width=\"300\" valign=\"top\"><strong>15.<\/strong> L\u2019aprenentatge de la llengua mitjan\u00e7ant les   tradicions musicals valencianes<\/td>\n<td width=\"189\" valign=\"top\">Giner Cerv\u00e0, Juan Jos\u00e9; Giner Cerv\u00e0,   Faust\u00ed<\/td>\n<td width=\"54\" valign=\"top\">600 \u20ac<\/td>\n<\/tr>\n<tr>\n<td width=\"300\" valign=\"top\"><strong>16.<\/strong> Curs d\u2019iniciaci\u00f3 al llenguatge dels servicis   socials<\/td>\n<td width=\"189\" valign=\"top\">Maroto Delgado, Olga<\/td>\n<td width=\"54\" valign=\"top\">1.950 \u20ac<\/td>\n<\/tr>\n<tr>\n<td width=\"300\" valign=\"top\"><strong>17.<\/strong> Curs d\u2019iniciaci\u00f3 al llenguatge del medi natural<\/td>\n<td width=\"189\" valign=\"top\">Gil Puig, Adriana; Delgado Art\u00e9s, Rafael<\/td>\n<td width=\"54\" valign=\"top\">1.950 \u20ac<\/td>\n<\/tr>\n<tr>\n<td width=\"300\" valign=\"top\"><strong>18.<\/strong> Curs d\u2019iniciaci\u00f3 al llenguatge valenci\u00e0 del sector   del foment de l\u2019ocupaci\u00f3<\/td>\n<td width=\"189\" valign=\"top\">Salvador Alamar, Impar; Segu\u00ed Franc\u00e9s, Rom\u00e0<\/td>\n<td width=\"54\" valign=\"top\">1.950 \u20ac<\/td>\n<\/tr>\n<tr>\n<td width=\"300\" valign=\"top\"><strong>19.<\/strong> Curs d\u2019iniciaci\u00f3 al valenci\u00e0 d\u2019especialitat del   sector sanitari<\/td>\n<td width=\"189\" valign=\"top\">G\u00e1llego Huguet, Xavier; Bosch i   Espert, Enric<\/td>\n<td width=\"54\" valign=\"top\">1.950 \u20ac<\/td>\n<\/tr>\n<tr>\n<td width=\"300\" valign=\"top\"><strong>20.<\/strong> Reculls l\u00e8xics complementaris per a diccionari en   l\u00ednia<\/td>\n<td width=\"189\" valign=\"top\">Gim\u00e9nez Gim\u00e9nez, Jes\u00fas L.; Gim\u00e9nez Ferrer, Jordi<\/td>\n<td width=\"54\" valign=\"top\">1.000 \u20ac<\/td>\n<\/tr>\n<tr>\n<td width=\"300\" valign=\"top\"><strong>21.<\/strong> Thalassa. Diccionari en xarxa valenci\u00e0-grec cl\u00e0ssic<\/td>\n<td width=\"189\" valign=\"top\">D\u00edaz \u00c1vila, Mario; Ovejas Arango, Mercedes; Ca\u00f1o Cano,   V\u00edctor<\/td>\n<td width=\"54\" valign=\"top\">600 \u20ac<\/td>\n<\/tr>\n<tr>\n<td width=\"300\" valign=\"top\"><strong>22.<\/strong> El teatre de Tawfiq al-Hakim i la seua obra teatral<\/td>\n<td width=\"189\" valign=\"top\">El Erian El Bassal, Hany<\/td>\n<td width=\"54\" valign=\"top\">500 \u20ac<\/td>\n<\/tr>\n<\/tbody>\n<\/table>\n<p><img decoding=\"async\" id=\"smallDivTip\" style=\"z-index: 90; border: 0px solid blue; position: absolute; left: 336px; top: 31px;\" src=\"chrome:\/\/dictionarytip\/skin\/dtipIconHover.png\" alt=\"\" \/><\/p><\/blockquote>\n","protected":false},"excerpt":{"rendered":"<p>El Diari Oficial de la Comunitat Valenciana (6.537, 07.06.2011) publica la resoluci\u00f3 de concessi\u00f3 de les beques del pla EVA d&#8217;enguany: Resoluci\u00f3 de 23 de maig de 2011, de la secret\u00e0ria auton\u00f2mica d&#8217;Educaci\u00f3, per la qual es concedixen beques per a la realitzaci\u00f3 de treballs d&#8217;investigaci\u00f3 dins del Pla d&#8217;Estudis del Valenci\u00e0 Actual 2011. [pdf] [&hellip;]<\/p>\n","protected":false},"author":2,"featured_media":0,"comment_status":"open","ping_status":"open","sticky":false,"template":"","format":"standard","meta":{"footnotes":""},"categories":[40,1],"tags":[365,367],"class_list":["post-2209","post","type-post","status-publish","format-standard","hentry","category-beques-formacio","category-general","tag-eva","tag-pla-eva"],"_links":{"self":[{"href":"https:\/\/www.cdlpv.org\/dtl\/wp-json\/wp\/v2\/posts\/2209","targetHints":{"allow":["GET"]}}],"collection":[{"href":"https:\/\/www.cdlpv.org\/dtl\/wp-json\/wp\/v2\/posts"}],"about":[{"href":"https:\/\/www.cdlpv.org\/dtl\/wp-json\/wp\/v2\/types\/post"}],"author":[{"embeddable":true,"href":"https:\/\/www.cdlpv.org\/dtl\/wp-json\/wp\/v2\/users\/2"}],"replies":[{"embeddable":true,"href":"https:\/\/www.cdlpv.org\/dtl\/wp-json\/wp\/v2\/comments?post=2209"}],"version-history":[{"count":0,"href":"https:\/\/www.cdlpv.org\/dtl\/wp-json\/wp\/v2\/posts\/2209\/revisions"}],"wp:attachment":[{"href":"https:\/\/www.cdlpv.org\/dtl\/wp-json\/wp\/v2\/media?parent=2209"}],"wp:term":[{"taxonomy":"category","embeddable":true,"href":"https:\/\/www.cdlpv.org\/dtl\/wp-json\/wp\/v2\/categories?post=2209"},{"taxonomy":"post_tag","embeddable":true,"href":"https:\/\/www.cdlpv.org\/dtl\/wp-json\/wp\/v2\/tags?post=2209"}],"curies":[{"name":"wp","href":"https:\/\/api.w.org\/{rel}","templated":true}]}}