{"id":2202,"date":"2011-06-08T09:03:59","date_gmt":"2011-06-08T08:03:59","guid":{"rendered":"http:\/\/www.cdlpv.org\/dtl\/?p=2202"},"modified":"2011-06-08T09:03:59","modified_gmt":"2011-06-08T08:03:59","slug":"les-linies-de-font-de-mora-turon","status":"publish","type":"post","link":"https:\/\/www.cdlpv.org\/dtl\/2011\/06\/08\/les-linies-de-font-de-mora-turon\/","title":{"rendered":"Les l\u00ednies de Font de Mora Tur\u00f3n"},"content":{"rendered":"<p>Per agarrar-ho amb \u00e0nim de concentraci\u00f3 reflexiva i humor desinfectant:<\/p>\n<p><iframe loading=\"lazy\" style=\"float:right; margin:0 0 10px 10px;\" width=\"425\" height=\"349\" src=\"http:\/\/www.youtube.com\/embed\/SsjxKQfLGBk\" frameborder=\"0\" allowfullscreen><\/iframe><\/p>\n<p><strong>Dem\u00e0, 9 de juny hi ha faena a fer.<\/strong><\/p>\n<hr>\n<\/hr>\n<p><a href=\"http:\/\/www.escolavalenciana.org\/sialvalencia\/\" target=\"_blank\"><img decoding=\"async\" src=\"http:\/\/www.escolavalenciana.org\/sialvalencia\/baners\/9juny_sialvalencia_cartell.jpg\" style=\"float:right; margin:0 0 10px 10px;\" width=\"396.6\" height=\"561.3\"><\/a><\/p>\n","protected":false},"excerpt":{"rendered":"<p>Per agarrar-ho amb \u00e0nim de concentraci\u00f3 reflexiva i humor desinfectant: Dem\u00e0, 9 de juny hi ha faena a fer.<\/p>\n","protected":false},"author":2,"featured_media":0,"comment_status":"open","ping_status":"open","sticky":false,"template":"","format":"standard","meta":{"footnotes":""},"categories":[45,1,47],"tags":[164,299],"class_list":["post-2202","post","type-post","status-publish","format-standard","hentry","category-ensenyament","category-general","category-planificacio","tag-educacio","tag-manifestacions"],"_links":{"self":[{"href":"https:\/\/www.cdlpv.org\/dtl\/wp-json\/wp\/v2\/posts\/2202","targetHints":{"allow":["GET"]}}],"collection":[{"href":"https:\/\/www.cdlpv.org\/dtl\/wp-json\/wp\/v2\/posts"}],"about":[{"href":"https:\/\/www.cdlpv.org\/dtl\/wp-json\/wp\/v2\/types\/post"}],"author":[{"embeddable":true,"href":"https:\/\/www.cdlpv.org\/dtl\/wp-json\/wp\/v2\/users\/2"}],"replies":[{"embeddable":true,"href":"https:\/\/www.cdlpv.org\/dtl\/wp-json\/wp\/v2\/comments?post=2202"}],"version-history":[{"count":0,"href":"https:\/\/www.cdlpv.org\/dtl\/wp-json\/wp\/v2\/posts\/2202\/revisions"}],"wp:attachment":[{"href":"https:\/\/www.cdlpv.org\/dtl\/wp-json\/wp\/v2\/media?parent=2202"}],"wp:term":[{"taxonomy":"category","embeddable":true,"href":"https:\/\/www.cdlpv.org\/dtl\/wp-json\/wp\/v2\/categories?post=2202"},{"taxonomy":"post_tag","embeddable":true,"href":"https:\/\/www.cdlpv.org\/dtl\/wp-json\/wp\/v2\/tags?post=2202"}],"curies":[{"name":"wp","href":"https:\/\/api.w.org\/{rel}","templated":true}]}}