{"id":22,"date":"2006-11-22T11:23:23","date_gmt":"2006-11-22T09:23:23","guid":{"rendered":"http:\/\/www.cdlpv.org\/dtl\/?p=22"},"modified":"2006-11-22T11:23:23","modified_gmt":"2006-11-22T09:23:23","slug":"la-gramatica-lavl-i-treballar-en-pau","status":"publish","type":"post","link":"https:\/\/www.cdlpv.org\/dtl\/2006\/11\/22\/la-gramatica-lavl-i-treballar-en-pau\/","title":{"rendered":"La gram\u00e0tica, l\u2019AVL i treballar en pau"},"content":{"rendered":"<p>\nHa aparegut la gram\u00e0tica de l&#8217;AVL \u2014que ja hem pogut consultar una mica\u2014. \u00c9s un element de refer\u00e8ncia per a la tasca professional dels t\u00e8cnics ling\u00fc\u00edstics, per\u00f2 encara cal una mica de temps per a valorar-la, supose. Jo nom\u00e9s puc dir, de moment, que crec que la utilitzaci\u00f3 de lletres de pal sec complica la lectura en paper. Per\u00f2, vaja, potser s\u00f3n manies meues.<\/p>\n<p>D&#8217;altra banda, per\u00f2 molt relacionat amb la gr\u00e0m\u00e0tica i la tasca de l&#8217;AVL, i amb relaci\u00f3 directa amb els t\u00e8cnics ling\u00fc\u00edstics, crec que conv\u00e9 llegir i valorar l&#8217;escrit aparegut en la revista <em>El Temps<\/em> (1.171, 21.11.2006) que reprodu\u00efxc tot seguit:<\/p>\n<blockquote>\n<p><strong>Deixeu-nos treballar i feu coses \u00fatils<\/strong><\/p>\n<p><em>Un programa factible i efectiu per a l&#8217;AVL<\/em><\/p>\n<p>Deixeu-nos treballar, als professors, als t\u00e8cnics ling\u00fc\u00edstics i als escriptors, i feu alguna cosa realment de profit per la llengua. Aquest podria ser el programa de treball que, recollint la voluntat de molts professionals de l&#8217;ensenyament, de l&#8217;assessorament ling\u00fc\u00edstic i la literatura, proposar\u00edem a l&#8217;Acad\u00e8mia Valenciana de la Llengua (AVL) per a la nova etapa que s&#8217;enceta amb les eleccions a c\u00e0rrecs directius. Les actuacions que considerem de profit, les exposem a continuaci\u00f3. <\/p>\n<p>Amb la seua primera obra impresa al carrer, el Diccionari ortogr\u00e0fic i de pronunciaci\u00f3 del valenci\u00e0, l&#8217;AVL ha demostrat que \u00e9s incapa\u00e7 de fer una aportaci\u00f3 d&#8217;una m\u00ednima qualitat ling\u00fc\u00edstica i que, en comptes de guiar els usuaris, all\u00f2 que fa \u00e9s confondre&#8217;ls desballestant el model ling\u00fc\u00edstic ja en \u00fas i creant una perillosa situaci\u00f3 de contradiccions en la normativa. En teoria, l&#8217;AVL proclama com a \u00abcriteri inspirador\u00bb de la seua obra contribuir \u00abal proc\u00e9s de construcci\u00f3 d&#8217;un model de llengua convergent amb la resta de modalitats de l&#8217;idioma com\u00fa\u00bb. Per\u00f2, de fet, comet la greu irresponsabilitat de no haver acordat els canvis en la normativa morfol\u00f2gica, ortogr\u00e0fica i l\u00e8xica almenys amb les altres entitats que tenen potestat legal en la codificaci\u00f3 ling\u00fc\u00edstica: l&#8217;Institut d&#8217;Estudis Catalans i la Universitat de les Illes Balears, a m\u00e9s de l&#8217;Institut Interuniversitari de Filologia Valenciana, refer\u00e8ncia de facto en l&#8217;\u00e0mbit valenci\u00e0. Ara els usuaris ens enfrontem amb la realitat que hi ha centenars -potser milers- de grafies o paraules que s\u00f3n normatives o no ho s\u00f3n segons quin diccionari usem, gr\u00e0cies exclusivament a l&#8217;obra que l&#8217;AVL t\u00e9 la ironia de proclamar \u00abde converg\u00e8ncia ling\u00fc\u00edstica\u00bb.<\/p>\n<p>En conseq\u00fc\u00e8ncia, si l&#8217;AVL vol realment contribuir a un model de llengua unitari per a tota la comunitat catalanoparlant, hauria de respectar l&#8217;obra feta i acordar qualsevol modificaci\u00f3, per m\u00ednima que siga, almenys amb l&#8217;Institut d&#8217;Estudis Catalans, la Universitat de les Illes Balears i l&#8217;Institut Interuniversitari de Filologia Valenciana.<\/p>\n<p>Promoure una normativa i un model de refer\u00e8ncia unitaris \u00e9s condici\u00f3 necess\u00e0ria per\u00f2 no suficient. La unitat i la converg\u00e8ncia ling\u00fc\u00edstiques es demostren i s&#8217;aconsegueixen amb l&#8217;\u00fas efectiu. Contra l&#8217;escissi\u00f3 entre \u00abvalenci\u00e0\u00bb i \u00abcatal\u00e0\u00bb presentades com a dues lleng\u00fces diferents per molts organismes oficials (Generalitat Valenciana, ministeris espanyols, BOE, etc.), l&#8217;AVL t\u00e9 l&#8217;obligaci\u00f3 de garantir que aquests organismes oferesquen una versi\u00f3 \u00fanica i unit\u00e0ria. Aix\u00f2 -i no la dispersi\u00f3 normativa- s\u00ed que resulta una tasca ineludible si l&#8217;AVL pret\u00e9n que creguem que el seu paper \u00abacad\u00e8mic\u00bb \u00e9s seri\u00f3s i que exerceix de veritat el mandat estatutari de fer complir les seues decisions en mat\u00e8ria ling\u00fc\u00edstica a totes les administracions p\u00fabliques.<\/p>\n<p>Igualment, si aspira a un m\u00ednim de credibilitat entre els usuaris i els professionals de la llengua, l&#8217;AVL hauria de denunciar i eradicar la censura ling\u00fc\u00edstica (i ideol\u00f2gica) que s&#8217;aplica en el seu nom, en lloc d&#8217;inhibir-se&#8217; n irresponsablement mirant cap a una altra banda. \u00c9s un fet flagrant que hi ha una censura exercida per c\u00e0rrecs pol\u00edtics sobretot en la Generalitat Valenciana i que aquesta es basa en les llistes de les \u00abgenu\u00efnitats\u00bb valencianes que l&#8217;AVL elabora i que s&#8217;imposen com a solucions exclusives en les publicacions oficials de la Generalitat i als llibres de text.<\/p>\n<p>Si, com diu l&#8217;AVL en la introducci\u00f3 al Diccionari ortogr\u00e0fic que ha publicat, els valencians \u00abcompartim una mateixa literatura i un mateix espai cultural i comunicatiu\u00bb amb altres territoris, l&#8217;AVL hauria d&#8217;instar p\u00fablicament el Govern valenci\u00e0 a participar en institucions i en actes culturals comuns amb la resta de la comunitat ling\u00fc\u00edstica catalana. Per exemple, en un institut compartit de promoci\u00f3 de la llengua i la cultura, i en esdeveniments com la fira del llibre de Frankfurt, en els quals sembla que no participar\u00e0. I sobretot, l&#8217;AVL hauria d&#8217;exigir que la Generalitat Valenciana i els poders p\u00fablics fessen efectiu, en un \u00e0mbit socialment tan important com el dels mitjans de comunicaci\u00f3, aquest \u00abmateix espai cultural i comunicatiu\u00bb al qual apel3la, amb la recepci\u00f3 rec\u00edproca de totes les televisions i r\u00e0dios que emeten en catal\u00e0.<\/p>\n<p>L&#8217;AVL, per mitj\u00e0 de la Secci\u00f3 de Foment de l&#8217;\u00das del Valenci\u00e0, hauria de fer un seguiment estricte de l&#8217;\u00fas de la llengua pr\u00f2pia en els mitjans de comunicaci\u00f3 p\u00fablics i del grau de compliment dels programes d&#8217;ensenyament en valenci\u00e0, d&#8217;immersi\u00f3 ling\u00fcistica i d&#8217;incorporaci\u00f3 progressiva, que sovint resulten m\u00e9s nominals que reals i massa vegades s\u00f3n v\u00edctimes d&#8217;entrebancs administratius en l&#8217;escola p\u00fablica i del frau injustificable en l&#8217;ensenyament concertat o privat.<\/p>\n<p>Finalment, si s&#8217;ha de guanyar el respecte dels usuaris i dels professionals de la llengua, l&#8217;AVL ha de deixar de ser un \u00f2rgan pol\u00edtic governat per comissaris i per consignes de partit i integrat per persones amb carnet que sovint no tenen la compet\u00e8ncia ling\u00fc\u00edstica per a exercir d&#8217;\u00abacad\u00e8mics\u00bb . Si ha de dur a terme la seua tasca \u00abacad\u00e8mica\u00bb amb efic\u00e0cia i reconeixement, l&#8217;AVL ha de passar a ser un ens t\u00e8cnicament solvent, capa\u00e7 de fer aportacions ling\u00fc\u00edstiques rigoroses i socialment \u00fatils per a la normalitat de la llengua. <\/p>\n<p>Si no \u00e9s aix\u00ed i no canvien radicalment el paper que han fet fins ara, els demanem que pleguen o que es dediquen a q\u00fcestions d&#8217;erudici\u00f3 ling\u00fc\u00edstica o etnogr\u00e0fica. Per\u00f2 almenys que tinguen l&#8217;amabilitat -pensem que no \u00e9s massa demanar- de deixar-nos treballar amb la llengua i deixar-nos utilitzar-la amb dignitat, sense crear-nos m\u00e9s entrebancs que els que ja ens posa el PP tot solet.<\/p>\n<p>Isidre Crespo, professor<br \/>\nToni Cucarella, escriptor<br \/>\nFrancesc Esteve, t\u00e8cnic ling\u00fc\u00edstic<br \/>\nGemma Pasqual, escriptora\n<\/p>\n<\/blockquote>\n","protected":false},"excerpt":{"rendered":"<p>Ha aparegut la gram\u00e0tica de l&#8217;AVL \u2014que ja hem pogut consultar una mica\u2014. \u00c9s un element de refer\u00e8ncia per a la tasca professional dels t\u00e8cnics ling\u00fc\u00edstics, per\u00f2 encara cal una mica de temps per a valorar-la, supose. Jo nom\u00e9s puc dir, de moment, que crec que la utilitzaci\u00f3 de lletres de pal sec complica la [&hellip;]<\/p>\n","protected":false},"author":2,"featured_media":0,"comment_status":"open","ping_status":"open","sticky":false,"template":"","format":"standard","meta":{"footnotes":""},"categories":[38,1,17,19],"tags":[],"class_list":["post-22","post","type-post","status-publish","format-standard","hentry","category-avl","category-general","category-normativa","category-politica"],"_links":{"self":[{"href":"https:\/\/www.cdlpv.org\/dtl\/wp-json\/wp\/v2\/posts\/22","targetHints":{"allow":["GET"]}}],"collection":[{"href":"https:\/\/www.cdlpv.org\/dtl\/wp-json\/wp\/v2\/posts"}],"about":[{"href":"https:\/\/www.cdlpv.org\/dtl\/wp-json\/wp\/v2\/types\/post"}],"author":[{"embeddable":true,"href":"https:\/\/www.cdlpv.org\/dtl\/wp-json\/wp\/v2\/users\/2"}],"replies":[{"embeddable":true,"href":"https:\/\/www.cdlpv.org\/dtl\/wp-json\/wp\/v2\/comments?post=22"}],"version-history":[{"count":0,"href":"https:\/\/www.cdlpv.org\/dtl\/wp-json\/wp\/v2\/posts\/22\/revisions"}],"wp:attachment":[{"href":"https:\/\/www.cdlpv.org\/dtl\/wp-json\/wp\/v2\/media?parent=22"}],"wp:term":[{"taxonomy":"category","embeddable":true,"href":"https:\/\/www.cdlpv.org\/dtl\/wp-json\/wp\/v2\/categories?post=22"},{"taxonomy":"post_tag","embeddable":true,"href":"https:\/\/www.cdlpv.org\/dtl\/wp-json\/wp\/v2\/tags?post=22"}],"curies":[{"name":"wp","href":"https:\/\/api.w.org\/{rel}","templated":true}]}}