{"id":2198,"date":"2011-06-06T09:10:01","date_gmt":"2011-06-06T08:10:01","guid":{"rendered":"http:\/\/www.cdlpv.org\/dtl\/?p=2198"},"modified":"2011-06-06T09:10:01","modified_gmt":"2011-06-06T08:10:01","slug":"si-contra-tots-els-valencians","status":"publish","type":"post","link":"https:\/\/www.cdlpv.org\/dtl\/2011\/06\/06\/si-contra-tots-els-valencians\/","title":{"rendered":"S\u00ed, contra tots els valencians"},"content":{"rendered":"<p>Josep Torrent fa un rep\u00e0s sobre el fals \u00abS\u00ed al valenci\u00e0\u00bb (<em>El Pa\u00eds<\/em>, <a href=\"http:\/\/www.elpais.com\/articulo\/Comunidad\/Valenciana\/valencia\/elpepiespval\/20110605elpval_9\/Tes\" target=\"_blank\">05.06.2011<\/a>) dels governs de Francisco Camps Ortiz, des de la bufa de la declaraci\u00f3 d&#8217;Ares fins a la prevista liquidaci\u00f3 de la Llei d&#8217;\u00fas i ensenyament del valenci\u00e0 en l&#8217;educaci\u00f3 valenciana preparada per l&#8217;\u00faltim conseller Font de Mora Tur\u00f3n:<\/p>\n<blockquote><p>\nEl 22 desembre 2004 va irrompre en el ple de l&#8217;Acad\u00e8mia Val\u00e8ncia de la Llengua <span class=\"versaleta\">(avl)<\/span>, on s&#8217;anava a debatre un dictamen sobre la unitat ling\u00fc\u00edstica entre el valenci\u00e0 i el catal\u00e0, amena\u00e7ant als acad\u00e8mics amb tot tipus d&#8217;accions legals si seguien avant amb la seva proposta. La presidenta de l&#8217;Acad\u00e8mia, que no debades anteriorment havia estat diputada pel <span class=\"versaleta\">pp<\/span>, va llevar el punt de l&#8217;ordre del dia i va suprimir el debat. La llei de creaci\u00f3 de l&#8217;<span class=\"versaleta\">avl<\/span> recull que valenci\u00e0 i catal\u00e0 pertanyen al mateix sistema ling\u00fc\u00edstic, per\u00f2 aix\u00f2 no ha frenat el  <span class=\"versaleta\">pp<\/span> a l&#8217;hora de predicar el secessionisme. La situaci\u00f3 del valenci\u00e0 a l&#8217;ensenyament p\u00fablic an\u00e0 degradant-se m\u00e9s i m\u00e9s. A primeries d&#8217;enguany any, l&#8217;oferta de l&#8217;ensenyament de l&#8217;idioma propi en educaci\u00f3 infantil i prim\u00e0ria no arribava al 45&nbsp;% a la xarxa p\u00fablica. La conselleria obvia que la demanda d&#8217;ensenyament en valenci\u00e0 \u00e9s superior a l&#8217;oferta, i arriba a enviar professors que desconeixen l&#8217;idioma a fer classes en castell\u00e0 en les l\u00ednies en valenci\u00e0.\n<\/p><\/blockquote>\n<p>M\u00e9s dades sobre la q\u00fcesti\u00f3 en \u00abLas trampas del pluriling\u00fcismo\u00bb de Neus Caballer (<em>El Pa\u00eds<\/em>, <a href=\"http:\/\/www.elpais.com\/articulo\/Comunidad\/Valenciana\/trampas\/plurilinguismo\/elpepiespval\/20110604elpval_10\/Tes\" target=\"_blank\">04.06.2011<\/a>):<\/p>\n<blockquote><p>\n<strong>\u00bb Castellanitzaci\u00f3.<\/strong> Obrir la consulta als pares d&#8217;en quina llengua cooficial volen que siguin atesos en infantil, acaba de la primera etapa educativa amb la l\u00ednia d&#8217;ensenyament en valenci\u00e0 i castellanitza tota l&#8217;escolaritzaci\u00f3. Res no garantix, a m\u00e9s, que en els centres concertats en les mat\u00e8ries assignades per a ser donades en valenci\u00e0 (hist\u00f2ria, geografia, biologia i geologia, en secund\u00e0ria), els alumnes aprenguen la llengua cooficial, ja que no han d&#8217;usar-la, ni parlar-la, ni escriure-la.\n<\/p><\/blockquote>\n<p>Tot aix\u00f2, tal com diu Adolf Beltran en el mateix diaria (\u00abAtropello de derechos civiles\u00bb, <a href=\"http:\/\/www.elpais.com\/articulo\/Comunidad\/Valenciana\/Atropello\/derechos\/civiles\/elpepiespval\/20110604elpval_17\/Tes\" target=\"_blank\">04.06.2011<\/a>):<\/p>\n<blockquote><p>\nQue certs c\u00e0rrecs p\u00fablics professen esta manera d&#8217;entendre la cooficialitat ling\u00fc\u00edstica, contra les pr\u00f2pies normes legals i reglaments municipals en vigor, indu\u00efx a la commiseraci\u00f3. Que vullguen fer de la seua ignor\u00e0ncia un argument per a derogar certs drets civils nom\u00e9s pot causar indignaci\u00f3. El que va anunciar fa uns dies el pitjor conseller d&#8217;Educaci\u00f3 que ha passat per la Generalitat \u00e9s un atropellament dels drets civils d&#8217;estudiants, pares d&#8217;alumnes, professors i valencianoparlants en general.\n<\/p><\/blockquote>\n","protected":false},"excerpt":{"rendered":"<p>Josep Torrent fa un rep\u00e0s sobre el fals \u00abS\u00ed al valenci\u00e0\u00bb (El Pa\u00eds, 05.06.2011) dels governs de Francisco Camps Ortiz, des de la bufa de la declaraci\u00f3 d&#8217;Ares fins a la prevista liquidaci\u00f3 de la Llei d&#8217;\u00fas i ensenyament del valenci\u00e0 en l&#8217;educaci\u00f3 valenciana preparada per l&#8217;\u00faltim conseller Font de Mora Tur\u00f3n: El 22 desembre [&hellip;]<\/p>\n","protected":false},"author":2,"featured_media":0,"comment_status":"open","ping_status":"open","sticky":false,"template":"","format":"standard","meta":{"footnotes":""},"categories":[36,4,45,1,47],"tags":[164],"class_list":["post-2198","post","type-post","status-publish","format-standard","hentry","category-allofobia","category-dret","category-ensenyament","category-general","category-planificacio","tag-educacio"],"_links":{"self":[{"href":"https:\/\/www.cdlpv.org\/dtl\/wp-json\/wp\/v2\/posts\/2198","targetHints":{"allow":["GET"]}}],"collection":[{"href":"https:\/\/www.cdlpv.org\/dtl\/wp-json\/wp\/v2\/posts"}],"about":[{"href":"https:\/\/www.cdlpv.org\/dtl\/wp-json\/wp\/v2\/types\/post"}],"author":[{"embeddable":true,"href":"https:\/\/www.cdlpv.org\/dtl\/wp-json\/wp\/v2\/users\/2"}],"replies":[{"embeddable":true,"href":"https:\/\/www.cdlpv.org\/dtl\/wp-json\/wp\/v2\/comments?post=2198"}],"version-history":[{"count":0,"href":"https:\/\/www.cdlpv.org\/dtl\/wp-json\/wp\/v2\/posts\/2198\/revisions"}],"wp:attachment":[{"href":"https:\/\/www.cdlpv.org\/dtl\/wp-json\/wp\/v2\/media?parent=2198"}],"wp:term":[{"taxonomy":"category","embeddable":true,"href":"https:\/\/www.cdlpv.org\/dtl\/wp-json\/wp\/v2\/categories?post=2198"},{"taxonomy":"post_tag","embeddable":true,"href":"https:\/\/www.cdlpv.org\/dtl\/wp-json\/wp\/v2\/tags?post=2198"}],"curies":[{"name":"wp","href":"https:\/\/api.w.org\/{rel}","templated":true}]}}