{"id":2195,"date":"2011-06-03T11:11:22","date_gmt":"2011-06-03T10:11:22","guid":{"rendered":"http:\/\/www.cdlpv.org\/dtl\/?p=2195"},"modified":"2019-08-19T09:22:13","modified_gmt":"2019-08-19T08:22:13","slug":"minoracio-de-les-ajudes-a-entitats-locals-2011","status":"publish","type":"post","link":"https:\/\/www.cdlpv.org\/dtl\/2011\/06\/03\/minoracio-de-les-ajudes-a-entitats-locals-2011\/","title":{"rendered":"Minoraci\u00f3 de les ajudes a entitats locals 2011"},"content":{"rendered":"<p>El <em>Diari Oficial de la Comunitat Valenciana<\/em> publicava fa uns dies (31.05.2011) l&#8217;ordre de minoraci\u00f3 de les subvencions per a promoci\u00f3 de l&#8217;\u00fas del valenci\u00e0 en ajuntaments i mancomunitats:<\/p>\n<blockquote><p>Orde 37\/2011, de 24 de maig, de la Conselleria d\u2019Educaci\u00f3, per la qual es minora l\u2019import global m\u00e0xim previst en l\u2019Orde 105\/2010, de 30 de desembre, de la Conselleria d\u2019Educaci\u00f3, per la qual es convoquen ajudes econ\u00f2miques destinades a ajuntaments i mancomunitats de municipis que realitzen activitats de promoci\u00f3 de l\u2019\u00fas del valenci\u00e0 durant l\u2019any 2011.<\/p>\n[&#8230;]\nMinorar en 11.600 euros (onze mil sis-cents euros) l\u2019import global m\u00e0xim previst en l\u2019article tercer de la citada orde, en relaci\u00f3 a la l\u00ednia T3167000 de l\u2019aplicaci\u00f3 pressupost\u00e0ria 09.02.04.422.50.4 corresponent al pressupost de la Generalitat per a l\u2019exercici 2011. L\u2019import resultant \u00e9s, per tant, de 214.403 euros (dos-cents catorze mil quatre-cents tres euros).<\/p><\/blockquote>\n<p>Tal com vam poder llegir en l&#8217;ordre esmentada (veg.<span class=\"versaleta\"><em>dtl<\/em><\/span>, <a href=\"http:\/\/www.cdlpv.org\/dtl\/?p=1965\" target=\"_blank\" rel=\"noopener noreferrer\">10.02.2011<\/a>), la quantitat inicial era de 226.003 euros, per\u00f2 ara queda redu\u00efda a 214.403 euros. Convindria saber a qu\u00e8 es destinaran eixos diners p\u00fablics, per\u00f2 mai no sabrem per quin albell\u00f3 (privat, segurament) han desaparegut. No sabrem si contindran el gasto p\u00fablic o m\u00e9s aviat engreixaran el benefici privat dels clients pol\u00edtics.<\/p>\n","protected":false},"excerpt":{"rendered":"<p>El Diari Oficial de la Comunitat Valenciana publicava fa uns dies (31.05.2011) l&#8217;ordre de minoraci\u00f3 de les subvencions per a promoci\u00f3 de l&#8217;\u00fas del valenci\u00e0 en ajuntaments i mancomunitats: Orde 37\/2011, de 24 de maig, de la Conselleria d\u2019Educaci\u00f3, per la qual es minora l\u2019import global m\u00e0xim previst en l\u2019Orde 105\/2010, de 30 de desembre, [&hellip;]<\/p>\n","protected":false},"author":2,"featured_media":0,"comment_status":"open","ping_status":"open","sticky":false,"template":"","format":"standard","meta":{"footnotes":""},"categories":[47,19,28],"tags":[50,51],"class_list":["post-2195","post","type-post","status-publish","format-standard","hentry","category-planificacio","category-politica","category-subvencions","tag-administracio-local","tag-ajudes"],"_links":{"self":[{"href":"https:\/\/www.cdlpv.org\/dtl\/wp-json\/wp\/v2\/posts\/2195","targetHints":{"allow":["GET"]}}],"collection":[{"href":"https:\/\/www.cdlpv.org\/dtl\/wp-json\/wp\/v2\/posts"}],"about":[{"href":"https:\/\/www.cdlpv.org\/dtl\/wp-json\/wp\/v2\/types\/post"}],"author":[{"embeddable":true,"href":"https:\/\/www.cdlpv.org\/dtl\/wp-json\/wp\/v2\/users\/2"}],"replies":[{"embeddable":true,"href":"https:\/\/www.cdlpv.org\/dtl\/wp-json\/wp\/v2\/comments?post=2195"}],"version-history":[{"count":1,"href":"https:\/\/www.cdlpv.org\/dtl\/wp-json\/wp\/v2\/posts\/2195\/revisions"}],"predecessor-version":[{"id":3580,"href":"https:\/\/www.cdlpv.org\/dtl\/wp-json\/wp\/v2\/posts\/2195\/revisions\/3580"}],"wp:attachment":[{"href":"https:\/\/www.cdlpv.org\/dtl\/wp-json\/wp\/v2\/media?parent=2195"}],"wp:term":[{"taxonomy":"category","embeddable":true,"href":"https:\/\/www.cdlpv.org\/dtl\/wp-json\/wp\/v2\/categories?post=2195"},{"taxonomy":"post_tag","embeddable":true,"href":"https:\/\/www.cdlpv.org\/dtl\/wp-json\/wp\/v2\/tags?post=2195"}],"curies":[{"name":"wp","href":"https:\/\/api.w.org\/{rel}","templated":true}]}}