{"id":2190,"date":"2011-06-02T11:28:10","date_gmt":"2011-06-02T10:28:10","guid":{"rendered":"http:\/\/www.cdlpv.org\/dtl\/?p=2190"},"modified":"2011-06-02T11:28:10","modified_gmt":"2011-06-02T10:28:10","slug":"politiques-valencianes-contra-la-capacitacio-linguistica","status":"publish","type":"post","link":"https:\/\/www.cdlpv.org\/dtl\/2011\/06\/02\/politiques-valencianes-contra-la-capacitacio-linguistica\/","title":{"rendered":"Pol\u00edtiques valencianes contra la capacitaci\u00f3 ling\u00fc\u00edstica"},"content":{"rendered":"<p>El conseller Font de Mora Tur\u00f3n ha iniciat una campanya contra l&#8217;aprenentatge de les lleng\u00fces en l&#8217;educaci\u00f3 p\u00fablica valenciana, particularment, contra l&#8217;aprenentatge del valenci\u00e0. \u00c9s evident que ell no dir\u00e0 que es proposa aix\u00f2, per\u00f2 els fets s\u00ed que indiquen que eixa \u00e9s la seua proposta, ja que pret\u00e9n eliminar el model que millor ha funcionat i imposar un model que no t\u00e9 cap aval educatiu.<\/p>\n<p>En parlen Manel P\u00e9rez Saldanya, \u00abUna escuela valenciana y multiling\u00fce\u00bb (<em>El Pa\u00eds<\/em>, 31.05.2011):<\/p>\n<blockquote><p>\nEl conseller coneix b\u00e9 que totes les avaluacions que s&#8217;han fet de les compet\u00e8ncies ling\u00fc\u00edstiques han mostrat que els alumnes escolaritzats en programes d&#8217;ensenyament en valenci\u00e0 tenen una compet\u00e8ncia en castell\u00e0 igual o superior a la dels que s&#8217;han escolaritzat en castell\u00e0 i s\u00f3n els \u00fanics que aconseguixen dominar d&#8217;una manera equilibrada les dos lleng\u00fces. La te\u00f2rica \u00abigualtat\u00bb en el repartiment d&#8217;hores entre les dues lleng\u00fces oficials que proposa la conselleria, lluny d&#8217;assegurar l&#8217;adequat ensenyament de les dos lleng\u00fces, no millora la compet\u00e8ncia del castell\u00e0 i condemna el valenci\u00e0 a una situaci\u00f3 clarament deficit\u00e0ria. Perqu\u00e8 les lleng\u00fces no nom\u00e9s s&#8217;aprenen a les aules i, donada la realitat socioling\u00fc\u00edstica, l&#8217;\u00fanica manera d&#8217;aconseguir l&#8217;equilibri de les dos lleng\u00fces oficials \u00e9s corregint a les aules el d\u00e8ficit del qual partix el valenci\u00e0.\n<\/p><\/blockquote>\n<p>A m\u00e9s, Neus Caballer (\u00abPartidos y asociaciones se unen contra la supresi\u00f3n de la l\u00ednea en valenciano\u00bb, <em>El Pa\u00eds<\/em>, 01.06.2011) aporta dades sobre la mala situaci\u00f3 actual, que sembla m\u00e9s aviat avalar la pretensi\u00f3 real de la nova proposta del conseller valenci\u00e0 en funcions:<\/p>\n<blockquote><p>\nEl proc\u00e9s d&#8217;unificar les l\u00ednies de castell\u00e0 i valenci\u00e0 \u2014que est\u00e0 en marxa i es materialitzar\u00e0 al setembre, amb les instruccions verbals de la inspecci\u00f3 educativa als instituts amb dos l\u00ednies\u2014amena\u00e7a, a m\u00e9s, amb \u00abreduir grups\u00bb. \u00abPortar\u00e0 a l&#8217;atur a m\u00e9s professorat i augmentar\u00e0 les retallades dels programes que tenien\u00bb, afegix Javier Gonz\u00e1lez Zurita, de Fete-<span class=\"versaleta\">ugt<\/span>. L&#8217;<span class=\"versaleta\">stepv<\/span>, el sindicat majoritari de l&#8217;ensenyament no universitari, insistix que \u00abla supressi\u00f3 de les l\u00ednies en valenci\u00e0, a m\u00e9s d&#8217;augmentar les retallades docents, \u00e9s l&#8217;atac m\u00e9s greu a aquest ensenyament des que el <span class=\"versaleta\">pp<\/span> va arribar al Govern\u00bb. \u00abL&#8217;Informe sobre la situaci\u00f3 del valenci\u00e0 2011, publicat pel sindicat, ja va denunciar la involuci\u00f3 del valenci\u00e0, i aquest \u00e9s el pas decisiu\u00bb.\n<\/p><\/blockquote>\n<p>Finalment, la mateixa Acad\u00e8mia Valenciana de la Llengua ha hagut de recordar la seua declaraci\u00f3 sobre el valenci\u00e0 en el sistema educatiu <a href=\"http:\/\/www.avl.gva.es\/premsa.asp?id=355\" target=\"_blank\">(01.06.2011)<\/a>:<\/p>\n<blockquote>\n<h2>L&#8217;<span class=\"versaleta\">avl<\/span> recorda el document sobre el valenci\u00e0 en el sistema educatiu aprovat enguany<\/h2>\n<h3>Val\u00e8ncia, 1 de juny del 2011. El ple de l&#8217;Acad\u00e8mia Valenciana de la Llengua va aprovar el dia 28 de gener d&#8217;enguany una declaraci\u00f3 sobre el valenci\u00e0 en el sistema educatiu, on fixava el seu criteri en relaci\u00f3 a la pres\u00e8ncia de la llengua pr\u00f2pia en l&#8217;escola i centres educatius de la Comunitat Valenciana.<\/h3>\n<p><strong>DECLARACI\u00d3<\/strong><\/p>\n<p>L\u2019Estatut d\u2019Autonomia de la Comunitat Valenciana reconeix que tots els valencians i valencianes \u00abtenen el dret a rebre l\u2019ensenyament del i en idioma valenci\u00e0\u00bb (article 6.2).<\/p>\n<p>La Llei d\u2019\u00das i Ensenyament del Valenci\u00e0 preveu que els alumnes de l\u2019ensenyament obligatori \u00abal final dels cicles en qu\u00e8 es declara obligat\u00f2ria la incorporaci\u00f3 del valenci\u00e0 a l\u2019ensenyament, i qualsevol que haja estat la llengua habitual en iniciar els estudis, els alumnes han d\u2019estar capacitats per a utilitzar, oralment i per escrit, el valenci\u00e0 en igualtat amb el castell\u00e0\u00bb (art. 19.2).<\/p>\n<p>Entre les funcions de l\u2019Acad\u00e8mia Valenciana de la Llengua figura \u00abvetlar per l\u2019\u00fas normal del valenci\u00e0\u00bb (Llei 7\/1998, de 16 de setembre, de la Generalitat Valenciana, de Creaci\u00f3 de l\u2019Acad\u00e8mia Valenciana de la Llengua, art. 7d).<\/p>\n<p>De l\u2019an\u00e0lisi de l\u2019actual situaci\u00f3 del valenci\u00e0 en tot el sistema educatiu, des de l\u2019Educaci\u00f3 Infantil fins a l\u2019ensenyament universitari, es dedu\u00efx que no es garantixen plenament els drets ling\u00fc\u00edstics i, per tant, el principi d\u2019igualtat ling\u00fc\u00edstica que preveu la llei.<\/p>\n<p>En conseq\u00fc\u00e8ncia, l\u2019Acad\u00e8mia Valenciana de la Llengua s\u2019adre\u00e7a al Govern valenci\u00e0 i als rectorats de les universitats valencianes per a so&#320;licitar-los que adopten les mesures oportunes per a garantir que no s\u2019hi produ\u00efsquen situacions de discriminaci\u00f3 real entre els ciutadans valencians per motius ling\u00fc\u00edstics. Amb esta finalitat, caldria:<\/p>\n<blockquote><p>\n<em>a<\/em>) En les escoles infantils, proveir dels mitjans necessaris, tant de recursos humans com materials, per a preservar el dret dels pares i mares a poder educar els seus fills en valenci\u00e0.<\/p>\n<p><em>b<\/em>) Assegurar l\u2019ensenyament en valenci\u00e0 en tots els centres educatius d\u2019Educaci\u00f3 Infantil, Prim\u00e0ria i Secund\u00e0ria, i fer compatible la doc\u00e8ncia en valenci\u00e0, en castell\u00e0 i en una llengua estrangera en tots els programes educatius, a fi d\u2019assolir realment el principi de cooficialitat ling\u00fc\u00edstica entre el valenci\u00e0 i el castell\u00e0.<\/p>\n<p><em>c<\/em>) Garantir en l\u2019ensenyament universitari el dret de tots els alumnes que s\u2019han matriculat en valenci\u00e0 a rebre una doc\u00e8ncia real i efectiva en valenci\u00e0. I, en general, la pres\u00e8ncia del valenci\u00e0 com a llengua cooficial en el curr\u00edculum i en les activitats de tota la comunitat universit\u00e0ria.<\/p>\n<p><em>d<\/em>) Satisfer, no nom\u00e9s la demanda d\u2019ensenyament de valenci\u00e0 i en valenci\u00e0 en tot el sistema educatiu, sin\u00f3 adoptar i incentivar totes aquelles iniciatives que servisquen per a fer real el principi de la igualtat ling\u00fc\u00edstica, tant en l\u2019\u00e0mbit estrictament docent com en el comunicatiu a tots els nivells.<\/p>\n<p><em>e<\/em>) Dissenyar programes d\u2019educaci\u00f3 multiling\u00fce que optimitzen la concurr\u00e8ncia de lleng\u00fces en l\u2019\u00e0mbit educatiu valenci\u00e0 i que afavorisquen els valors de respecte i d\u2019enriquiment cultural.<\/p>\n<p><em>f<\/em>) Promoure programes d\u2019intercanvi educatiu que permeten la difusi\u00f3 \u00edntegra de la cultura valenciana, tant en la resta d\u2019Espanya com en el conjunt de la Uni\u00f3 Europea, aix\u00ed com l\u2019acc\u00e9s a la nostra cultura per part dels alumnes i estudiants nouvinguts.<\/p>\n<p><em>g<\/em>) Recomanar, en especial als responsables de les institucions p\u00fabliques, que adopten una actitud exemplar quant a l\u2019\u00fas oral i escrit del valenci\u00e0, \u00abla llengua pr\u00f2pia de la Comunitat Valenciana\u00bb segons figura en l\u2019Estatut d\u2019Autonomia (art. 6.1).\n<\/p><\/blockquote>\n<\/blockquote>\n<p>En eixe sentit, conv\u00e9 con\u00e9ixer l&#8217;experi\u00e8ncia gallega i els resultats que ha donat (\u00abCarlos Call\u00f3n: &#8216;El PP ha fet servir Gal\u00edcia de banc de proves del model d&#8217;involuci\u00f3 ling\u00fc\u00edstica&#8217;\u00bb, <em>Vilaweb,<\/em> <a href=\"http:\/\/www.vilaweb.cat\/noticia\/3893341\/20110601\/carlos-callon-pp-servir-galicia-banc-proves-model-dinvolucio-linguistica.html\" target=\"_blank\">01.06.2011<\/a>):<\/p>\n<blockquote><p>\n<strong>\u2014Arran de l&#8217;experi\u00e8ncia a Gal\u00edcia, com veieu el cas valenci\u00e0?<\/strong><br \/>\nEl cas valenci\u00e0 demostra all\u00f2 que ja d\u00e8iem a Gal\u00edcia, que el PP feia servir la llengua gallega de banc de proves amb la idea d&#8217;estendre la involuci\u00f3 ling\u00fc\u00edstica i cultural al conjunt de l&#8217;estat. Cal tenir en compte que a Gal\u00edcia es va aprovar malgrat la resist\u00e8ncia social i el repudi de tota l&#8217;oposici\u00f3. Aquest decret del ter\u00e7 te\u00f2ric del gallec, el castell\u00e0 i l&#8217;angl\u00e8s ha tingut contra tots els sindicats de l&#8217;ensenyament; totes les associacions de pares i mares, tret d&#8217;una, vinculada al PP; totes les associacions estudiantils i tots els moviments de renovaci\u00f3 pedag\u00f2gica, totes les institucions culturals i el consell escolar de Gal\u00edcia.\n<\/p><\/blockquote>\n","protected":false},"excerpt":{"rendered":"<p>El conseller Font de Mora Tur\u00f3n ha iniciat una campanya contra l&#8217;aprenentatge de les lleng\u00fces en l&#8217;educaci\u00f3 p\u00fablica valenciana, particularment, contra l&#8217;aprenentatge del valenci\u00e0. \u00c9s evident que ell no dir\u00e0 que es proposa aix\u00f2, per\u00f2 els fets s\u00ed que indiquen que eixa \u00e9s la seua proposta, ja que pret\u00e9n eliminar el model que millor ha [&hellip;]<\/p>\n","protected":false},"author":2,"featured_media":0,"comment_status":"open","ping_status":"open","sticky":false,"template":"","format":"standard","meta":{"footnotes":""},"categories":[38,45,10,1,15,27],"tags":[164],"class_list":["post-2190","post","type-post","status-publish","format-standard","hentry","category-avl","category-ensenyament","category-formacio","category-general","category-laboral","category-sociolinguistica","tag-educacio"],"_links":{"self":[{"href":"https:\/\/www.cdlpv.org\/dtl\/wp-json\/wp\/v2\/posts\/2190","targetHints":{"allow":["GET"]}}],"collection":[{"href":"https:\/\/www.cdlpv.org\/dtl\/wp-json\/wp\/v2\/posts"}],"about":[{"href":"https:\/\/www.cdlpv.org\/dtl\/wp-json\/wp\/v2\/types\/post"}],"author":[{"embeddable":true,"href":"https:\/\/www.cdlpv.org\/dtl\/wp-json\/wp\/v2\/users\/2"}],"replies":[{"embeddable":true,"href":"https:\/\/www.cdlpv.org\/dtl\/wp-json\/wp\/v2\/comments?post=2190"}],"version-history":[{"count":0,"href":"https:\/\/www.cdlpv.org\/dtl\/wp-json\/wp\/v2\/posts\/2190\/revisions"}],"wp:attachment":[{"href":"https:\/\/www.cdlpv.org\/dtl\/wp-json\/wp\/v2\/media?parent=2190"}],"wp:term":[{"taxonomy":"category","embeddable":true,"href":"https:\/\/www.cdlpv.org\/dtl\/wp-json\/wp\/v2\/categories?post=2190"},{"taxonomy":"post_tag","embeddable":true,"href":"https:\/\/www.cdlpv.org\/dtl\/wp-json\/wp\/v2\/tags?post=2190"}],"curies":[{"name":"wp","href":"https:\/\/api.w.org\/{rel}","templated":true}]}}