{"id":218,"date":"2007-11-05T09:54:29","date_gmt":"2007-11-05T08:54:29","guid":{"rendered":"http:\/\/www.cdlpv.org\/dtl\/?p=218"},"modified":"2007-11-05T09:54:29","modified_gmt":"2007-11-05T08:54:29","slug":"lexigencia-del-castella-i-el-merit-daltres-llengues","status":"publish","type":"post","link":"https:\/\/www.cdlpv.org\/dtl\/2007\/11\/05\/lexigencia-del-castella-i-el-merit-daltres-llengues\/","title":{"rendered":"L&#8217;exig\u00e8ncia del castell\u00e0 i el m\u00e8rit d&#8217;altres lleng\u00fces"},"content":{"rendered":"<p>Rescatem a continuaci\u00f3 una not\u00edcia curiosa sobre les sorpreses que causa el \u00abm\u00e8rit\u00bb ling\u00fc\u00edstic en persones despistades respecte dels drets ling\u00fc\u00edstics dels ciutadans de l&#8217;estat. Cal tindre en compte que no es coneix que eixes mateixes persones mostren cap sorpresa o inquietud respecte del \u00abrequisit\u00bb ling\u00fc\u00edstic espanyol que s&#8217;aplica en les oposicions convocades pel ministeri de sanitat espanyol:<\/p>\n<blockquote><p>\u00ab3. Los aspirantes nacionales de estados cuya lengua oficial no sea el castellano, solo ser\u00e1n admitidos a las presentes pruebas si acreditan un conocimiento suficiente del mismo, mediante los documentos que se especifican en la base IV.7.\u00bb<\/p><\/blockquote>\n<p>La not\u00edcia del diari <em>El Pa\u00eds<\/em> (<a href=\"http:\/\/www.elpais.com\/articulo\/pais\/vasco\/exigencia\/euskera\/complica\/falta\/medicos\/especialistas\/elpepuesppvs\/20071102elpvas_2\/Tes\" target=\"_blank\">02.11.2007<\/a>; l&#8217;hem tradu\u00efda amb l&#8217;ajuda de l&#8217;Internostrum) \u00e9s la seg\u00fcent:<\/p>\n<blockquote>\n<h2 class=\"inicial\">L&#8217;exig\u00e8ncia de l&#8217;\u00e8uscar complica la falta de metges especialistes<\/h2>\n<h3>L&#8217;oposici\u00f3 puntua quasi igual l&#8217;idioma que tots els m\u00e8rits cient\u00edfics<\/h3>\n<h5>Eduardo Azumendi &#8211; Bilbao &#8211; 02.11\/2007<\/h5>\n<p>La falta de metges especialistes s&#8217;ha convertit en un problema urgent per a tots els sistemes de salut. Les comunitats aut\u00f2nomes se&#8217;ls rifen i algunes fins i tot han comen\u00e7at ja a captar metges estrangers. Si eixa manca resulta estructural, en el cas d&#8217;Euskadi la situaci\u00f3 es complica encara m\u00e9s per l&#8217;exig\u00e8ncia administrativa que tenen els facultatius de saber \u00e8uscar. Alguns m\u00e9s que uns altres. Els m\u00e9s obligats s\u00f3n els pediatres, perqu\u00e8 estan en contacte amb la poblaci\u00f3 amb major percentatge de biling\u00fces, els xiquets. Eixa exig\u00e8ncia ha suposat que con\u00e9ixer l&#8217;\u00e8uscar puntue en les oposicions que convoca Sanitat quasi el mateix que els m\u00e8rits cient\u00edfics acumulats durant anys de professi\u00f3, prop del 10&nbsp;% del total de punts en joc.<\/p>\n<p>Pediatria \u00e9s una de les set especialitats b\u00e0siques que Sanitat reconeix que patix un d\u00e8ficit d&#8217;especialistes, problema que les exig\u00e8ncies ling\u00fc\u00edstiques han acabat per agreujar. Nom\u00e9s a \u00c0laba, la prov\u00edncia menys <em>euskaldun<\/em>, una de cada quatre places d&#8217;aquesta especialitat ha hagut de ser coberta per un metge de fam\u00edlia.<\/p>\n<p>En una carta remesa a <em>El Pa\u00eds<\/em>, el president de l&#8217;Associaci\u00f3 Espanyola de Vigil\u00e0ncia Intensiva Pedi\u00e0trica, Juan Casado Flores, mostrava el passat 20 d&#8217;octubre la seua \u00absorpresa i pesar\u00bb per aquesta circumst\u00e0ncia. Casado, una autoritat nacional en pediatria, es va topar amb aquesta valoraci\u00f3 de l&#8217;\u00e8uscar fa uns tres mesos, quan se&#8217;l va requerir perqu\u00e8 formara part d&#8217;un tribunal que havia de seleccionar quatre especialistes en xiquets malalts cr\u00edtics per als hospitals de Cruces i Donostia. \u00abUn metge especialista que s\u00e0pia \u00e8uscar, sent desitjable tenir aquest coneixement, per\u00f2 sense cap altre m\u00e8rit, t\u00e9 moltes m\u00e9s possibilitats de ser triat per a ocupar una pla\u00e7a fixa d&#8217;especialista que el metge amb major experi\u00e8ncia i reconeixement en la seua \u00e0rea\u00bb, es lamenta Casado, qui tamb\u00e9 \u00e9s cap de servei de l&#8217;Hospital Xiquet Jes\u00fas, de Madrid, un centre que est\u00e0 especialitzat en vigil\u00e0ncia intensiva pedi\u00e0trica.<\/p>\n<p>\u00abQuan em vaig assabentar de les bases de l&#8217;oposici\u00f3\u00bb, recorda Casat en declaracions a aquest peri\u00f2dic, \u00abvaig discutir amb els altres membres del tribunal, perqu\u00e8 em semblava desproporcionat atorgar 16 punts a l&#8217;\u00e8uscar enfront dels 20 que es podien assolir amb tota la carrera cient\u00edfica. La resposta va ser que no es podien q\u00fcestionar les bases perqu\u00e8 era decisi\u00f3 del govern basc. I jo el que vaig dir \u00e9s que quan tens a un xiquet greument malalt i cal traure&#8217;l avant, l&#8217;\u00fanica cosa que conta \u00e9s la teua per\u00edcia i coneixements professionals, no el saber m\u00e9s o menys \u00e8uscar. I si no, que els ho pregunten als seus pares\u00bb.<\/p>\n<p>En la seua opini\u00f3, l&#8217;\u00e8uscar pot ser \u00abun idioma meravell\u00f3s\u00bb, per\u00f2 \u00abmai\u00bb ha de resultar determinant a l&#8217;hora de triar als millors professionals. \u00abEm sembla un empobriment donar els mateixos punts a l&#8217;historial professional i a l&#8217;\u00e8uscar. \u00c9s que, en estes condicions, ni el major expert mundial podria obtenir pla\u00e7a en Osakidetza si no sap \u00e8uscar. Resulta una bogeria\u00bb.<\/p>\n<p>Tamb\u00e9 en una l\u00ednia cr\u00edtica amb la valoraci\u00f3 que s&#8217;atorga a l&#8217;\u00e8uscar en les oposicions, la Societat de Medicina Familiar i Comunit\u00e0ria-Osatzen est\u00e0 a l&#8217;espera del resultat del recurs judicial que va presentar contra les oposicions de desembre passat. El t\u00edtol de medicina familiar suposava 13 punts enfront dels 16 que s&#8217;atorgaven a la llengua basca. Suposa una difer\u00e8ncia que, segons un portaveu de la citada societat, resulta \u00abdesproporcionada\u00bb.<\/p>\n<\/blockquote>\n","protected":false},"excerpt":{"rendered":"<p>Rescatem a continuaci\u00f3 una not\u00edcia curiosa sobre les sorpreses que causa el \u00abm\u00e8rit\u00bb ling\u00fc\u00edstic en persones despistades respecte dels drets ling\u00fc\u00edstics dels ciutadans de l&#8217;estat. Cal tindre en compte que no es coneix que eixes mateixes persones mostren cap sorpresa o inquietud respecte del \u00abrequisit\u00bb ling\u00fc\u00edstic espanyol que s&#8217;aplica en les oposicions convocades pel ministeri [&hellip;]<\/p>\n","protected":false},"author":2,"featured_media":0,"comment_status":"open","ping_status":"open","sticky":false,"template":"","format":"standard","meta":{"footnotes":""},"categories":[4,10,18,47,24],"tags":[91,196,310,341,411],"class_list":["post-218","post","type-post","status-publish","format-standard","hentry","category-dret","category-formacio","category-oposicions","category-planificacio","category-requisit-linguistic","tag-castella","tag-euscar","tag-metges","tag-oposicions","tag-requisit-linguistic"],"_links":{"self":[{"href":"https:\/\/www.cdlpv.org\/dtl\/wp-json\/wp\/v2\/posts\/218","targetHints":{"allow":["GET"]}}],"collection":[{"href":"https:\/\/www.cdlpv.org\/dtl\/wp-json\/wp\/v2\/posts"}],"about":[{"href":"https:\/\/www.cdlpv.org\/dtl\/wp-json\/wp\/v2\/types\/post"}],"author":[{"embeddable":true,"href":"https:\/\/www.cdlpv.org\/dtl\/wp-json\/wp\/v2\/users\/2"}],"replies":[{"embeddable":true,"href":"https:\/\/www.cdlpv.org\/dtl\/wp-json\/wp\/v2\/comments?post=218"}],"version-history":[{"count":0,"href":"https:\/\/www.cdlpv.org\/dtl\/wp-json\/wp\/v2\/posts\/218\/revisions"}],"wp:attachment":[{"href":"https:\/\/www.cdlpv.org\/dtl\/wp-json\/wp\/v2\/media?parent=218"}],"wp:term":[{"taxonomy":"category","embeddable":true,"href":"https:\/\/www.cdlpv.org\/dtl\/wp-json\/wp\/v2\/categories?post=218"},{"taxonomy":"post_tag","embeddable":true,"href":"https:\/\/www.cdlpv.org\/dtl\/wp-json\/wp\/v2\/tags?post=218"}],"curies":[{"name":"wp","href":"https:\/\/api.w.org\/{rel}","templated":true}]}}