{"id":2173,"date":"2011-05-31T08:47:39","date_gmt":"2011-05-31T07:47:39","guid":{"rendered":"http:\/\/www.cdlpv.org\/dtl\/?p=2173"},"modified":"2011-05-31T08:47:39","modified_gmt":"2011-05-31T07:47:39","slug":"per-la-garantia-del-coneixement-del-valencia","status":"publish","type":"post","link":"https:\/\/www.cdlpv.org\/dtl\/2011\/05\/31\/per-la-garantia-del-coneixement-del-valencia\/","title":{"rendered":"Per la garantia del coneixement del valenci\u00e0"},"content":{"rendered":"<p>Davant les not\u00edcies sobre la supressi\u00f3 de les l\u00ednies que garantixen el millor aprenentatge del valenci\u00e0 en l&#8217;ensenyament al nostre pa\u00eds, <a href=\"http:\/\/1entretants.ning.com\/\" target=\"_blank\">Un Entre Tants<\/a>, xarxa cooperativa d&#8217;experi\u00e8ncies TIC per a l&#8217;ensenyament en valenci\u00e0, ha dif\u00f3s el <a href=\"http:\/\/1entretants.ning.com\/profiles\/blogs\/en-suport-dun-sistema-educatiu\" target=\"_blank\">comunicat<\/a> seg\u00fcent:<\/p>\n<blockquote>\n<h2>En suport d&#8217;un sistema educatiu que siga agent normalitzador i dignificador del valenci\u00e0<\/h2>\n<p>L&#8217;associaci\u00f3 <strong>Un entre tants<\/strong> volem mostrar el nostre malestar i la m\u00e9s profunda tristor per les declaracions del conseller d&#8217;Educaci\u00f3 valenci\u00e0 en les quals presenta la proposta d&#8217;un sistema educatiu on es vehiculen les mat\u00e8ries en espanyol, angl\u00e9s i valenci\u00e0 en una proporci\u00f3 del 33&nbsp;% perqu\u00e8, segons diu, \u00ab\u00e9s el model que hem defensat aquests anys, el model que vam proposar durant la campanya electoral i el model que, majorit\u00e0riament, entenem que ha estat referendat per l&#8217;electorat valenci\u00e0\u00bb.<\/p>\n<p><strong>MALESTAR,<\/strong> perqu\u00e8 els docents tenim molt a dir sobre qu\u00e8 cal als nostres instituts i escoles p\u00fabliques, tan mancades de recursos b\u00e0sics; recursos econ\u00f2mics i ara, fins i tot, recursos humans, ja que l&#8217;augment de la r\u00e0tio a 35 alumnes en primer d&#8217;<span class=\"versaleta\">eso<\/span> ja \u00e9s un fet consumat per al curs que ve. De portes dels instituts cap a dins, \u00e9s clar que aix\u00f2, pel que sembla, no es declara p\u00fablicament perqu\u00e8 no devia anar al programa que han \u00abreferendat\u00bb tants valencians.<\/p>\n<p><strong>PROFUNDA TRISTOR,<\/strong> perqu\u00e8 els professors i professores estem veient que l&#8217;\u00fanic sistema que funciona una mica millor pel que fa als resultats \u00e9s el de la immersi\u00f3 ling\u00fc\u00edstica en valenci\u00e0, el nostre catal\u00e0, i que, malgrat aix\u00f2, la nostra malmesa escola es troba a la cua de les cues en resultats. Estem tristos quan, en eixir de les quatre parets de l&#8217;aula, el valenci\u00e0 s&#8217;esfuma, desapareix: assistim en tribuna d&#8217;honor a la desaparici\u00f3 de la nostra llengua i cultura en determinats territoris i, en altres, podem observar com l&#8217;autoodi encara no ha desaparegut sin\u00f3 que encara es mant\u00e9 ben fort amb 30 anys d&#8217;escola en valenci\u00e0.<\/p>\n<p><strong>Quina \u00e9s la soluci\u00f3?<\/strong> Alguns agents c\u00edvics n&#8217;han apuntat d&#8217;assenyades. Nosaltres les recolzem i aprofitem per obrir-ne el debat, la reflexi\u00f3, la cr\u00edtica i, si cal, l&#8217;autocr\u00edtica. Per\u00f2 mentre la pol\u00edtica siga la de convertir els centres en \u00abguarderies\u00bb d&#8217;adolescents en grups de 35 a 45, mantenir (o, com a molt, maquillar) any rere any els mateixos curr\u00edculums obsolets i deixar que algunes escoles i instituts p\u00fablics esdevinguen centres assistencials on s&#8217;ensenye lectoescriptura (o a asseure&#8217;s correctament, o les normes b\u00e0siques d&#8217;higiene personal, o a parlar i no cridar, etc.) fins als 16 anys, mentre les administracions tanquen els ulls i es giren d&#8217;esquena, pensem que no ens podrem considerar <strong>UNA SOCIETAT CIVILITZADA<\/strong> en termes educatius.<\/p>\n<p>Ens fem ress\u00f2, per tant, d&#8217;aquesta nefasta not\u00edcia, en mostrem el nostre ferm rebuig a aquesta manera de fer (o de desfer) i us deixem ac\u00ed alguns enlla\u00e7os sobre el tema.<\/p>\n<p>I fem p\u00fablic, una vegada m\u00e9s, el nostre comprom\u00eds amb la plena normalitzaci\u00f3 del catal\u00e0 al Pa\u00eds Valenci\u00e0 i amb la lluita di\u00e0ria de treballar per una escola valenciana i de qualitat, que cohesione la societat de manera democr\u00e0tica sense menystenir els drets fonamentals de cap ciutad\u00e0.<\/p>\n<p>Ara m\u00e9s que mai, endavant!\n<\/p><\/blockquote>\n","protected":false},"excerpt":{"rendered":"<p>Davant les not\u00edcies sobre la supressi\u00f3 de les l\u00ednies que garantixen el millor aprenentatge del valenci\u00e0 en l&#8217;ensenyament al nostre pa\u00eds, Un Entre Tants, xarxa cooperativa d&#8217;experi\u00e8ncies TIC per a l&#8217;ensenyament en valenci\u00e0, ha dif\u00f3s el comunicat seg\u00fcent: En suport d&#8217;un sistema educatiu que siga agent normalitzador i dignificador del valenci\u00e0 L&#8217;associaci\u00f3 Un entre tants [&hellip;]<\/p>\n","protected":false},"author":2,"featured_media":0,"comment_status":"open","ping_status":"open","sticky":false,"template":"","format":"standard","meta":{"footnotes":""},"categories":[45,1,15,47],"tags":[68,164],"class_list":["post-2173","post","type-post","status-publish","format-standard","hentry","category-ensenyament","category-general","category-laboral","category-planificacio","tag-associacions","tag-educacio"],"_links":{"self":[{"href":"https:\/\/www.cdlpv.org\/dtl\/wp-json\/wp\/v2\/posts\/2173","targetHints":{"allow":["GET"]}}],"collection":[{"href":"https:\/\/www.cdlpv.org\/dtl\/wp-json\/wp\/v2\/posts"}],"about":[{"href":"https:\/\/www.cdlpv.org\/dtl\/wp-json\/wp\/v2\/types\/post"}],"author":[{"embeddable":true,"href":"https:\/\/www.cdlpv.org\/dtl\/wp-json\/wp\/v2\/users\/2"}],"replies":[{"embeddable":true,"href":"https:\/\/www.cdlpv.org\/dtl\/wp-json\/wp\/v2\/comments?post=2173"}],"version-history":[{"count":0,"href":"https:\/\/www.cdlpv.org\/dtl\/wp-json\/wp\/v2\/posts\/2173\/revisions"}],"wp:attachment":[{"href":"https:\/\/www.cdlpv.org\/dtl\/wp-json\/wp\/v2\/media?parent=2173"}],"wp:term":[{"taxonomy":"category","embeddable":true,"href":"https:\/\/www.cdlpv.org\/dtl\/wp-json\/wp\/v2\/categories?post=2173"},{"taxonomy":"post_tag","embeddable":true,"href":"https:\/\/www.cdlpv.org\/dtl\/wp-json\/wp\/v2\/tags?post=2173"}],"curies":[{"name":"wp","href":"https:\/\/api.w.org\/{rel}","templated":true}]}}