{"id":2170,"date":"2011-05-24T12:28:01","date_gmt":"2011-05-24T11:28:01","guid":{"rendered":"http:\/\/www.cdlpv.org\/dtl\/?p=2170"},"modified":"2011-05-24T12:28:01","modified_gmt":"2011-05-24T11:28:01","slug":"proves-de-traduccio-i-interpretacio-jurades","status":"publish","type":"post","link":"https:\/\/www.cdlpv.org\/dtl\/2011\/05\/24\/proves-de-traduccio-i-interpretacio-jurades\/","title":{"rendered":"Proves de traducci\u00f3 i interpretaci\u00f3 jurades"},"content":{"rendered":"<p>Marta Torres Vilatarsana ens envia a trav\u00e9s d&#8217;Infoz\u00e8fir la informaci\u00f3 seg\u00fcent:<\/p>\n<blockquote><p>\nLa Direcci\u00f3 General de Pol\u00edtica Ling\u00fc\u00edstica convoca les proves per a l\u2019habilitaci\u00f3 professional per a la traducci\u00f3 i la interpretaci\u00f3 jurades d\u2019altres lleng\u00fces al catal\u00e0 i viceversa. (<span class=\"versaleta\"><em>dogc<\/em><\/span> n\u00fam. 5.876, d\u201911 de maig de 2011).<\/p>\n<p>El termini d\u2019inscripci\u00f3 acaba el 30 de maig de 2011. Enguany es convoquen les proves espec\u00edfiques de traducci\u00f3 i interpretaci\u00f3 jurades per a les lleng\u00fces seg\u00fcents:<br \/>\n&#8211; Itali\u00e0<br \/>\n&#8211; Xin\u00e8s<\/p>\n<p>Poden prendre part en les proves les persones majors d&#8217;edat que posseeixin, com a m\u00ednim, un t\u00edtol de diplomatura, enginyeria t\u00e8cnica, arquitectura t\u00e8cnica o equivalent.<\/p>\n<p>Per a m\u00e9s informaci\u00f3 sobre la convocat\u00f2ria i l\u2019estructura de les proves: <a href=\"http:\/\/www.gencat.cat\/llengua\/tij\" target=\"_blank\"><em>http:\/\/www.gencat.cat\/llengua\/tij<\/em><\/a><\/p>\n<p>Font: Direcci\u00f3 General de Pol\u00edtica Ling\u00fc\u00edstica\n<\/p><\/blockquote>\n","protected":false},"excerpt":{"rendered":"<p>Marta Torres Vilatarsana ens envia a trav\u00e9s d&#8217;Infoz\u00e8fir la informaci\u00f3 seg\u00fcent: La Direcci\u00f3 General de Pol\u00edtica Ling\u00fc\u00edstica convoca les proves per a l\u2019habilitaci\u00f3 professional per a la traducci\u00f3 i la interpretaci\u00f3 jurades d\u2019altres lleng\u00fces al catal\u00e0 i viceversa. (dogc n\u00fam. 5.876, d\u201911 de maig de 2011). El termini d\u2019inscripci\u00f3 acaba el 30 de maig de [&hellip;]<\/p>\n","protected":false},"author":2,"featured_media":0,"comment_status":"open","ping_status":"open","sticky":false,"template":"","format":"standard","meta":{"footnotes":""},"categories":[1,15],"tags":[391,477],"class_list":["post-2170","post","type-post","status-publish","format-standard","hentry","category-general","category-laboral","tag-proves","tag-traduccio"],"_links":{"self":[{"href":"https:\/\/www.cdlpv.org\/dtl\/wp-json\/wp\/v2\/posts\/2170","targetHints":{"allow":["GET"]}}],"collection":[{"href":"https:\/\/www.cdlpv.org\/dtl\/wp-json\/wp\/v2\/posts"}],"about":[{"href":"https:\/\/www.cdlpv.org\/dtl\/wp-json\/wp\/v2\/types\/post"}],"author":[{"embeddable":true,"href":"https:\/\/www.cdlpv.org\/dtl\/wp-json\/wp\/v2\/users\/2"}],"replies":[{"embeddable":true,"href":"https:\/\/www.cdlpv.org\/dtl\/wp-json\/wp\/v2\/comments?post=2170"}],"version-history":[{"count":0,"href":"https:\/\/www.cdlpv.org\/dtl\/wp-json\/wp\/v2\/posts\/2170\/revisions"}],"wp:attachment":[{"href":"https:\/\/www.cdlpv.org\/dtl\/wp-json\/wp\/v2\/media?parent=2170"}],"wp:term":[{"taxonomy":"category","embeddable":true,"href":"https:\/\/www.cdlpv.org\/dtl\/wp-json\/wp\/v2\/categories?post=2170"},{"taxonomy":"post_tag","embeddable":true,"href":"https:\/\/www.cdlpv.org\/dtl\/wp-json\/wp\/v2\/tags?post=2170"}],"curies":[{"name":"wp","href":"https:\/\/api.w.org\/{rel}","templated":true}]}}