{"id":2165,"date":"2011-05-20T09:26:22","date_gmt":"2011-05-20T08:26:22","guid":{"rendered":"http:\/\/www.cdlpv.org\/dtl\/?p=2165"},"modified":"2011-05-20T09:26:22","modified_gmt":"2011-05-20T08:26:22","slug":"les-xifres-de-lensenyament-valencia","status":"publish","type":"post","link":"https:\/\/www.cdlpv.org\/dtl\/2011\/05\/20\/les-xifres-de-lensenyament-valencia\/","title":{"rendered":"Les xifres de l&#8217;ensenyament valenci\u00e0"},"content":{"rendered":"<p>Aprofitant el suplement dedicat a les eleccions municipals i auton\u00f2miques, el diari <em>El Pa\u00eds<\/em> <a href=\"http:\/\/www.elpais.com\/articulo\/Comunidad\/Valenciana\/desequilibrios\/bilinguismo\/elpepiespval\/20110512elpval_12\/Tes\" target=\"_blank\">(12.05.2011)<\/a> ens aportava les dades seg\u00fcents:<\/p>\n<blockquote>\n<h2>Valenci\u00e0 en xifres<\/h2>\n<ul>\n<li>Alumnes en l\u00ednia en valenci\u00e0: 230.000, cosa que representa nom\u00e9s el 29&nbsp;% del total de la matr\u00edcula.\n<li>Alumnes en l\u00ednia en castell\u00e0: 630.000, el que suposa el 71&nbsp;% de l&#8217;alumnat valenci\u00e0.\n<li>El valenci\u00e0, segons els territoris: A Castell\u00f3, el 61,13&nbsp;% de l&#8217;alumnat estudia en valenci\u00e0. A Val\u00e8ncia, el 30,21&nbsp;%. I a Alacant, nom\u00e9s el 16,87&nbsp;%.\n<li>El valenci\u00e0, segons la titularitat dels centres: El 39,3&nbsp;% de l&#8217;alumnat de la p\u00fablica estudia en valenci\u00e0, mentre que nom\u00e9s el 6,3&nbsp;% de l&#8217;alumnat de la xarxa privada-concertada ho fa.\n<li>El valenci\u00e0, segons els nivells educatius: El 50,7&nbsp;% dels nens de la xarxa p\u00fablica es matricula en valenci\u00e0 en Infantil, en arribar a Secund\u00e0ria nom\u00e9s pot continuar el 38,1&nbsp;%. En Batxillerat, cau al 23,7&nbsp;% i en FP es queda en un p\u00edrric 5,9&nbsp;%.\n<li>Evoluci\u00f3 del valenci\u00e0 en 15 anys: El 1995, un 17&nbsp;% de l&#8217;alumnat d&#8217;Infantil i Prim\u00e0ria estudiava en valenci\u00e0. El 2010, la xifra \u00e9s del 33&nbsp;%. Han calgut 15 anys per cr\u00e9ixer 16 punts percentuals.\n<\/ul>\n<\/blockquote>\n","protected":false},"excerpt":{"rendered":"<p>Aprofitant el suplement dedicat a les eleccions municipals i auton\u00f2miques, el diari El Pa\u00eds (12.05.2011) ens aportava les dades seg\u00fcents: Valenci\u00e0 en xifres Alumnes en l\u00ednia en valenci\u00e0: 230.000, cosa que representa nom\u00e9s el 29&nbsp;% del total de la matr\u00edcula. Alumnes en l\u00ednia en castell\u00e0: 630.000, el que suposa el 71&nbsp;% de l&#8217;alumnat valenci\u00e0. El [&hellip;]<\/p>\n","protected":false},"author":2,"featured_media":0,"comment_status":"open","ping_status":"open","sticky":false,"template":"","format":"standard","meta":{"footnotes":""},"categories":[45,1,27],"tags":[189],"class_list":["post-2165","post","type-post","status-publish","format-standard","hentry","category-ensenyament","category-general","category-sociolinguistica","tag-estadistiques"],"_links":{"self":[{"href":"https:\/\/www.cdlpv.org\/dtl\/wp-json\/wp\/v2\/posts\/2165","targetHints":{"allow":["GET"]}}],"collection":[{"href":"https:\/\/www.cdlpv.org\/dtl\/wp-json\/wp\/v2\/posts"}],"about":[{"href":"https:\/\/www.cdlpv.org\/dtl\/wp-json\/wp\/v2\/types\/post"}],"author":[{"embeddable":true,"href":"https:\/\/www.cdlpv.org\/dtl\/wp-json\/wp\/v2\/users\/2"}],"replies":[{"embeddable":true,"href":"https:\/\/www.cdlpv.org\/dtl\/wp-json\/wp\/v2\/comments?post=2165"}],"version-history":[{"count":0,"href":"https:\/\/www.cdlpv.org\/dtl\/wp-json\/wp\/v2\/posts\/2165\/revisions"}],"wp:attachment":[{"href":"https:\/\/www.cdlpv.org\/dtl\/wp-json\/wp\/v2\/media?parent=2165"}],"wp:term":[{"taxonomy":"category","embeddable":true,"href":"https:\/\/www.cdlpv.org\/dtl\/wp-json\/wp\/v2\/categories?post=2165"},{"taxonomy":"post_tag","embeddable":true,"href":"https:\/\/www.cdlpv.org\/dtl\/wp-json\/wp\/v2\/tags?post=2165"}],"curies":[{"name":"wp","href":"https:\/\/api.w.org\/{rel}","templated":true}]}}