{"id":216,"date":"2007-10-31T10:35:40","date_gmt":"2007-10-31T09:35:40","guid":{"rendered":"http:\/\/www.cdlpv.org\/dtl\/?p=216"},"modified":"2007-10-31T10:35:40","modified_gmt":"2007-10-31T09:35:40","slug":"mitjans-de-comunicacio-i-llengua","status":"publish","type":"post","link":"https:\/\/www.cdlpv.org\/dtl\/2007\/10\/31\/mitjans-de-comunicacio-i-llengua\/","title":{"rendered":"Mitjans de comunicaci\u00f3 i llengua"},"content":{"rendered":"<p><a href=\"http:\/\/www.geocities.com\/golls.geo\/Valencia\/Taula.htm\" target=\"_blank\"><img decoding=\"async\" id=\"image215\" height=285 alt=\"Llengua i mitjans\" src=\"http:\/\/www.cdlpv.org\/dtl\/wp-content\/sorolla.jpg\" align=\"right\" \/><\/a>En el bloc de Natxo Sorolla <a href=\"http:\/\/xarxes.wordpress.com\/\" target=\"_blank\"><em>Xarxes Socials i Lleng\u00fces<\/em><\/a> podeu trobar una entrada, <a href=\"http:\/\/xarxes.wordpress.com\/2007\/10\/29\/les-regles-de-consum-a-lespai-mediatic-en-catala\/\" target=\"_blank\">\u00abLes regles de consum a l&#8217;espai medi\u00e0tic catal\u00e0\u00bb,<\/a> on ens oferix el resum del seu treball en el llibre enquesta que analitza els usos ling\u00fc\u00edstics a bona part de la catalanofonia, <em>Llengua i societat als territoris de parla catalana a l\u2019inici del segle XXI. L\u2019Alguer, Andorra, Catalunya, Catalunya Nord, Comunitat Valenciana, la Franja i les Illes Balears<\/em> (ed. Generalitat de Catalunya).<\/p>\n<p>En el web <a href=\"http:\/\/www.einesdellengua.org\" target=\"_blank\">Eines de Llengua<\/a> (<a href=\"http:\/\/www.geocities.com\/golls.geo\/Valencia\/Taula.htm\" target=\"_blank\">\u00abDades sobre el catal\u00e0 al Pa\u00eds Valenci\u00e0\u00bb<\/a>), a m\u00e9s d&#8217;altres dades, podeu trobar la presentaci\u00f3 (en format Flash: <span class=\"versaleta\">swf<\/span>) elaborada per Natxo Sorolla, <a href=\"http:\/\/www.geocities.com\/golls.geo\/Valencia\/Arxiu\/global\/llengua-i-societat.swf\" target=\"_blank\">\u00abMitjans de comunicaci\u00f3 i llengua\u00bb<\/a>.<\/p>\n","protected":false},"excerpt":{"rendered":"<p>En el bloc de Natxo Sorolla Xarxes Socials i Lleng\u00fces podeu trobar una entrada, \u00abLes regles de consum a l&#8217;espai medi\u00e0tic catal\u00e0\u00bb, on ens oferix el resum del seu treball en el llibre enquesta que analitza els usos ling\u00fc\u00edstics a bona part de la catalanofonia, Llengua i societat als territoris de parla catalana a l\u2019inici [&hellip;]<\/p>\n","protected":false},"author":2,"featured_media":0,"comment_status":"open","ping_status":"open","sticky":false,"template":"","format":"standard","meta":{"footnotes":""},"categories":[2,10,1,47,26],"tags":[],"class_list":["post-216","post","type-post","status-publish","format-standard","hentry","category-comunicacio","category-formacio","category-general","category-planificacio","category-serveis-linguistics"],"_links":{"self":[{"href":"https:\/\/www.cdlpv.org\/dtl\/wp-json\/wp\/v2\/posts\/216","targetHints":{"allow":["GET"]}}],"collection":[{"href":"https:\/\/www.cdlpv.org\/dtl\/wp-json\/wp\/v2\/posts"}],"about":[{"href":"https:\/\/www.cdlpv.org\/dtl\/wp-json\/wp\/v2\/types\/post"}],"author":[{"embeddable":true,"href":"https:\/\/www.cdlpv.org\/dtl\/wp-json\/wp\/v2\/users\/2"}],"replies":[{"embeddable":true,"href":"https:\/\/www.cdlpv.org\/dtl\/wp-json\/wp\/v2\/comments?post=216"}],"version-history":[{"count":0,"href":"https:\/\/www.cdlpv.org\/dtl\/wp-json\/wp\/v2\/posts\/216\/revisions"}],"wp:attachment":[{"href":"https:\/\/www.cdlpv.org\/dtl\/wp-json\/wp\/v2\/media?parent=216"}],"wp:term":[{"taxonomy":"category","embeddable":true,"href":"https:\/\/www.cdlpv.org\/dtl\/wp-json\/wp\/v2\/categories?post=216"},{"taxonomy":"post_tag","embeddable":true,"href":"https:\/\/www.cdlpv.org\/dtl\/wp-json\/wp\/v2\/tags?post=216"}],"curies":[{"name":"wp","href":"https:\/\/api.w.org\/{rel}","templated":true}]}}