{"id":2159,"date":"2011-05-18T08:00:27","date_gmt":"2011-05-18T07:00:27","guid":{"rendered":"http:\/\/www.cdlpv.org\/dtl\/?p=2159"},"modified":"2011-05-18T08:00:27","modified_gmt":"2011-05-18T07:00:27","slug":"taules-redones-sobre-lus-del-valencia-en-els-blocs","status":"publish","type":"post","link":"https:\/\/www.cdlpv.org\/dtl\/2011\/05\/18\/taules-redones-sobre-lus-del-valencia-en-els-blocs\/","title":{"rendered":"Taules redones sobre l&#8217;\u00fas del valenci\u00e0 en els blocs"},"content":{"rendered":"<p><a href=\"http:\/\/www2.avl.gva.es\/blog\/jornada_blog.html\"><img loading=\"lazy\" decoding=\"async\" src=\"http:\/\/www.cdlpv.org\/dtl\/wp-content\/uploads\/2011\/05\/AVL-blocs1-202x300.png\" alt=\"Jornada sobre el valenci\u00e0 en els blocs\" title=\"AVL-blocs\" width=\"202\" height=\"300\" class=\"aligncenter size-medium wp-image-2160\" \/><\/a><\/p>\n<p>L&#8217;Acad\u00e8mia Valenciana de la Llengua organitza el 27.05.2011 una jornada (un mat\u00ed) amb tres taules redones sobre el valenci\u00e0 en els blocs. El termini d&#8217;inscripci\u00f3 acaba el 24.05.2011. M\u00e9s dades en el <a href=\"http:\/\/www2.avl.gva.es\/blog\/jornada_blog.html\" target=\"_blank\">web<\/a> de l&#8217;<span class=\"versaleta\">avl<\/span>.<\/p>\n","protected":false},"excerpt":{"rendered":"<p>L&#8217;Acad\u00e8mia Valenciana de la Llengua organitza el 27.05.2011 una jornada (un mat\u00ed) amb tres taules redones sobre el valenci\u00e0 en els blocs. El termini d&#8217;inscripci\u00f3 acaba el 24.05.2011. M\u00e9s dades en el web de l&#8217;avl.<\/p>\n","protected":false},"author":2,"featured_media":0,"comment_status":"open","ping_status":"open","sticky":false,"template":"","format":"standard","meta":{"footnotes":""},"categories":[38,1,22,27],"tags":[249],"class_list":["post-2159","post","type-post","status-publish","format-standard","hentry","category-avl","category-general","category-recerca","category-sociolinguistica","tag-internet"],"_links":{"self":[{"href":"https:\/\/www.cdlpv.org\/dtl\/wp-json\/wp\/v2\/posts\/2159","targetHints":{"allow":["GET"]}}],"collection":[{"href":"https:\/\/www.cdlpv.org\/dtl\/wp-json\/wp\/v2\/posts"}],"about":[{"href":"https:\/\/www.cdlpv.org\/dtl\/wp-json\/wp\/v2\/types\/post"}],"author":[{"embeddable":true,"href":"https:\/\/www.cdlpv.org\/dtl\/wp-json\/wp\/v2\/users\/2"}],"replies":[{"embeddable":true,"href":"https:\/\/www.cdlpv.org\/dtl\/wp-json\/wp\/v2\/comments?post=2159"}],"version-history":[{"count":0,"href":"https:\/\/www.cdlpv.org\/dtl\/wp-json\/wp\/v2\/posts\/2159\/revisions"}],"wp:attachment":[{"href":"https:\/\/www.cdlpv.org\/dtl\/wp-json\/wp\/v2\/media?parent=2159"}],"wp:term":[{"taxonomy":"category","embeddable":true,"href":"https:\/\/www.cdlpv.org\/dtl\/wp-json\/wp\/v2\/categories?post=2159"},{"taxonomy":"post_tag","embeddable":true,"href":"https:\/\/www.cdlpv.org\/dtl\/wp-json\/wp\/v2\/tags?post=2159"}],"curies":[{"name":"wp","href":"https:\/\/api.w.org\/{rel}","templated":true}]}}