{"id":2157,"date":"2011-05-17T08:44:43","date_gmt":"2011-05-17T07:44:43","guid":{"rendered":"http:\/\/www.cdlpv.org\/dtl\/?p=2157"},"modified":"2011-05-17T08:44:43","modified_gmt":"2011-05-17T07:44:43","slug":"petit-balanc-del-vicepresident-de-lavl","status":"publish","type":"post","link":"https:\/\/www.cdlpv.org\/dtl\/2011\/05\/17\/petit-balanc-del-vicepresident-de-lavl\/","title":{"rendered":"Petit balan\u00e7 del vicepresident de l&#8217;AVL"},"content":{"rendered":"<p>El vicepresident de l&#8217;Acad\u00e8mia Valenciana de la Llengua, Manuel P\u00e9rez Saldanya, fa un petit balan\u00e7 (<em>Levante<\/em>, <a href=\"http:\/\/www.levante-emv.com\/opinion\/2011\/05\/07\/politica-linguistica-balanc\/804812.html\" target=\"_blank\">07.05.2011<\/a>) del que ha estat la pol\u00edtica ling\u00fc\u00edstica de la Generalitat Valenciana durant esta legislatura. Seria interessant que la instituci\u00f3 desplegara un poc m\u00e9s el que en este article es deixa esbossat. Per exemple:<\/p>\n<blockquote><p>\nS&#8217;ha rebaixat el clima de confrontaci\u00f3 pol\u00edtica centrada en les \u00abess\u00e8ncies\u00bb de la llengua, i aix\u00f2 \u00e9s un s\u00edmptoma positiu, per\u00f2 no s&#8217;ha avan\u00e7at en els debats i l&#8217;aplicaci\u00f3 de les pol\u00edtiques ling\u00fc\u00edstiques necess\u00e0ries per a assegurar el futur i la vitalitat del valenci\u00e0. \u00c9s dif\u00edcil d&#8217;entendre que les mateixes Corts que van crear l&#8217;Acad\u00e8mia Valenciana de la Llengua no hagen reunit ni una sola vegada la comissi\u00f3 encarregada de vetlar per les iniciatives recollides en el Pacte pel Valenci\u00e0.\n<\/p><\/blockquote>\n<p>Sobre este punt relatiu a les Corts Valencianes, cal esmentar que la comissi\u00f3 de pol\u00edtica ling\u00fc\u00edstica s&#8217;ha reunit cinc vegades durant esta legislatura, tal com es pot vore en el <a href=\"http:\/\/www.cortsvalencianes.es\/CIC3\/BASIS\/DSCCV\/WEB\/DSCCV_PUBLICADOS_V\/SDW?W=LEGISLATURA+EQ+%27VII%27+AND+CLAVE_COMISION+EQ+%27CL%27+ORDER+BY+EVERY+FECHA_REUNION\/D\" target=\"_blank\">web<\/a> de la instituci\u00f3. En canvi, la valoraci\u00f3 d&#8217;eixes reunions s\u00ed que \u00e9s una q\u00fcesti\u00f3 que mereixeria una an\u00e0lisi acad\u00e8mica.<\/p>\n<p>Finalment, el vicepresident reitera la paradoxa de tindre un \u00abobjectiu inajornable\u00bb que \u00e9s ajornat des de fa&#8230;:<\/p>\n<blockquote><p>\nUn objectiu inajornable que haur\u00e0 d&#8217;assumir el nou govern \u00e9s convertir el valenci\u00e0 en la llengua d&#8217;\u00fas habitual de l&#8217;acci\u00f3 de govern i de l&#8217;Administraci\u00f3, tal com estableix la Llei d&#8217;\u00fas i ensenyament del valenci\u00e0.\n<\/p><\/blockquote>\n","protected":false},"excerpt":{"rendered":"<p>El vicepresident de l&#8217;Acad\u00e8mia Valenciana de la Llengua, Manuel P\u00e9rez Saldanya, fa un petit balan\u00e7 (Levante, 07.05.2011) del que ha estat la pol\u00edtica ling\u00fc\u00edstica de la Generalitat Valenciana durant esta legislatura. Seria interessant que la instituci\u00f3 desplegara un poc m\u00e9s el que en este article es deixa esbossat. Per exemple: S&#8217;ha rebaixat el clima de [&hellip;]<\/p>\n","protected":false},"author":2,"featured_media":0,"comment_status":"open","ping_status":"open","sticky":false,"template":"","format":"standard","meta":{"footnotes":""},"categories":[38,2,19,27],"tags":[376],"class_list":["post-2157","post","type-post","status-publish","format-standard","hentry","category-avl","category-comunicacio","category-politica","category-sociolinguistica","tag-politica-linguistica"],"_links":{"self":[{"href":"https:\/\/www.cdlpv.org\/dtl\/wp-json\/wp\/v2\/posts\/2157","targetHints":{"allow":["GET"]}}],"collection":[{"href":"https:\/\/www.cdlpv.org\/dtl\/wp-json\/wp\/v2\/posts"}],"about":[{"href":"https:\/\/www.cdlpv.org\/dtl\/wp-json\/wp\/v2\/types\/post"}],"author":[{"embeddable":true,"href":"https:\/\/www.cdlpv.org\/dtl\/wp-json\/wp\/v2\/users\/2"}],"replies":[{"embeddable":true,"href":"https:\/\/www.cdlpv.org\/dtl\/wp-json\/wp\/v2\/comments?post=2157"}],"version-history":[{"count":0,"href":"https:\/\/www.cdlpv.org\/dtl\/wp-json\/wp\/v2\/posts\/2157\/revisions"}],"wp:attachment":[{"href":"https:\/\/www.cdlpv.org\/dtl\/wp-json\/wp\/v2\/media?parent=2157"}],"wp:term":[{"taxonomy":"category","embeddable":true,"href":"https:\/\/www.cdlpv.org\/dtl\/wp-json\/wp\/v2\/categories?post=2157"},{"taxonomy":"post_tag","embeddable":true,"href":"https:\/\/www.cdlpv.org\/dtl\/wp-json\/wp\/v2\/tags?post=2157"}],"curies":[{"name":"wp","href":"https:\/\/api.w.org\/{rel}","templated":true}]}}