{"id":2143,"date":"2011-05-13T08:00:05","date_gmt":"2011-05-13T07:00:05","guid":{"rendered":"http:\/\/www.cdlpv.org\/dtl\/?p=2143"},"modified":"2011-05-13T08:00:05","modified_gmt":"2011-05-13T07:00:05","slug":"co320loqui-sobre-historia-de-la-llengua","status":"publish","type":"post","link":"https:\/\/www.cdlpv.org\/dtl\/2011\/05\/13\/co320loqui-sobre-historia-de-la-llengua\/","title":{"rendered":"Co\u0140loqui sobre hist\u00f2ria de la llengua"},"content":{"rendered":"<p>El butllet\u00ed <em><a href=\"http:\/\/www.quern.cat\/\" target=\"_blank\">Q\u00fcern<\/a>. Butllet\u00ed bibliogr\u00e0fic de literatura i llengua catalanes de l&#8217;edat mitjana i de l&#8217;edat moderna<\/em> proposa:<\/p>\n<figure id=\"attachment_2146\" aria-describedby=\"caption-attachment-2146\" style=\"width: 300px\" class=\"wp-caption aligncenter\"><a href=\"http:\/\/www.cdlpv.org\/dtl\/wp-content\/uploads\/2011\/05\/2011-VIII-colloqui11.png\"><img loading=\"lazy\" decoding=\"async\" class=\"size-medium wp-image-2146\" title=\"2011-VIII colloqui\" src=\"http:\/\/www.cdlpv.org\/dtl\/wp-content\/uploads\/2011\/05\/2011-VIII-colloqui11-300x197.png\" alt=\"VIII Col\u00b7loqui \u00abProblemes i M\u00e8todes d'Hist\u00f2ria de la Llengua\u00bb\" width=\"300\" height=\"197\" \/><\/a><figcaption id=\"caption-attachment-2146\" class=\"wp-caption-text\">Font: butllet\u00ed _Q\u00fcern_<\/figcaption><\/figure>\n<p><strong>Data:<\/strong> 20, 21, 22 de juny de 2011 a la Facultat de Lletres de la Universitat de Girona.<br \/>\n<strong>Programa:<\/strong> <a href=\"http:\/\/www.udg.edu\/LinkClick.aspx?fileticket=4YplyRd8tQg%3d&#038;tabid=16973&#038;language=ca-ES\" target=\"_blank\"><span class=\"versaleta\">[pdf]<\/span><\/a><br \/>\n<strong>Termini:<\/strong> inscripcions fins al 15 de juny.<\/p>\n","protected":false},"excerpt":{"rendered":"<p>El butllet\u00ed Q\u00fcern. Butllet\u00ed bibliogr\u00e0fic de literatura i llengua catalanes de l&#8217;edat mitjana i de l&#8217;edat moderna proposa: Data: 20, 21, 22 de juny de 2011 a la Facultat de Lletres de la Universitat de Girona. Programa: [pdf] Termini: inscripcions fins al 15 de juny.<\/p>\n","protected":false},"author":2,"featured_media":0,"comment_status":"open","ping_status":"open","sticky":false,"template":"","format":"standard","meta":{"footnotes":""},"categories":[2,10,1,22],"tags":[233,258],"class_list":["post-2143","post","type-post","status-publish","format-standard","hentry","category-comunicacio","category-formacio","category-general","category-recerca","tag-historia","tag-jornades"],"_links":{"self":[{"href":"https:\/\/www.cdlpv.org\/dtl\/wp-json\/wp\/v2\/posts\/2143","targetHints":{"allow":["GET"]}}],"collection":[{"href":"https:\/\/www.cdlpv.org\/dtl\/wp-json\/wp\/v2\/posts"}],"about":[{"href":"https:\/\/www.cdlpv.org\/dtl\/wp-json\/wp\/v2\/types\/post"}],"author":[{"embeddable":true,"href":"https:\/\/www.cdlpv.org\/dtl\/wp-json\/wp\/v2\/users\/2"}],"replies":[{"embeddable":true,"href":"https:\/\/www.cdlpv.org\/dtl\/wp-json\/wp\/v2\/comments?post=2143"}],"version-history":[{"count":0,"href":"https:\/\/www.cdlpv.org\/dtl\/wp-json\/wp\/v2\/posts\/2143\/revisions"}],"wp:attachment":[{"href":"https:\/\/www.cdlpv.org\/dtl\/wp-json\/wp\/v2\/media?parent=2143"}],"wp:term":[{"taxonomy":"category","embeddable":true,"href":"https:\/\/www.cdlpv.org\/dtl\/wp-json\/wp\/v2\/categories?post=2143"},{"taxonomy":"post_tag","embeddable":true,"href":"https:\/\/www.cdlpv.org\/dtl\/wp-json\/wp\/v2\/tags?post=2143"}],"curies":[{"name":"wp","href":"https:\/\/api.w.org\/{rel}","templated":true}]}}