{"id":2137,"date":"2011-05-10T08:00:15","date_gmt":"2011-05-10T07:00:15","guid":{"rendered":"http:\/\/www.cdlpv.org\/dtl\/?p=2137"},"modified":"2011-05-10T08:00:15","modified_gmt":"2011-05-10T07:00:15","slug":"flaixos-sobre-toponimia-balear-larago-informatica-i-onomastica","status":"publish","type":"post","link":"https:\/\/www.cdlpv.org\/dtl\/2011\/05\/10\/flaixos-sobre-toponimia-balear-larago-informatica-i-onomastica\/","title":{"rendered":"Flaixos sobre topon\u00edmia balear, l&#8217;Arag\u00f3, inform\u00e0tica i onom\u00e0stica"},"content":{"rendered":"<p>Els <em>Flaixos d\u2019Actualitat<\/em> (<a href=\"http:\/\/www6.gencat.cat\/llengcat\/Flaixos_72\/www20.gencat.cat\/portal\/site\/Llengcat\/menuitem.08f45c9e3857090e3285bdb1b0c0e1a0\/index88fa.htmlx\" target=\"_blank\">n\u00fam. 72<\/a>, 06.05.2011) ens envien, entre altres, la informaci\u00f3 seg\u00fcent:<\/p>\n<blockquote>\n<h2>Comissi\u00f3 de Topon\u00edmia de les Illes Balears<\/h2>\n<p>El Govern Balear ha aprovat el Decret 36\/2011, de 15 d\u2019abril, pel qual es crea la Comissi\u00f3 de Topon\u00edmia de les Illes Balears. El decret apareix publicat al <span class=\"versaleta\"><em>boib<\/em><\/span> n\u00fam. 64 del 28 d\u2019abril i es pot consultar a: <a href=\"http:\/\/boib.caib.es\/pdf\/2011064\/mp5.pdf\" target=\"_blank\"><em>http:\/\/boib.caib.es\/pdf\/2011064\/mp5.pdf<\/em><\/a>.<\/p>\n<h2>Estatuts de l\u2019Acad\u00e8mia de la Llengua Aragonesa<\/h2>\n<p>El Govern d\u2019Arag\u00f3 ha aprovat el Decret 87\/2011, de 5 d\u2019abril, pel qual s\u2019aproven els estatuts de l\u2019Acad\u00e8mia de la Llengua Aragonesa. Segons l\u2019article 1, l\u2019Acad\u00e8mia ha de constituir l\u2019autoritat ling\u00fc\u00edstica de l\u2019aragon\u00e8s i, segons l\u2019article 6, l\u2019aragon\u00e8s amb les seves modalitats \u00e9s llengua pr\u00f2pia d\u2019Arag\u00f3. El Decret apareix publicat al <em>Butllet\u00ed Oficial d\u2019Arag\u00f3<\/em> n\u00fam. 77, de 18 d\u2019abril de 2011, i es pot consultar a: <a href=\"http:\/\/www.boa.aragon.es\" target=\"_blank\"><em>http:\/\/www.boa.aragon.es<\/em><\/a><\/p>\n<h2>Acad\u00e8mia Aragonesa del Catal\u00e0<\/h2>\n<p>El Govern d\u2019Arag\u00f3 ha aprovat el Decret 89\/2011, de 5 d\u2019abril, pel qual s\u2019aproven els estatuts de l\u2019Acad\u00e8mia Aragonesa del Catal\u00e0. Segons l\u2019article 1, la nova instituci\u00f3 constitueix l\u2019autoritat ling\u00fc\u00edstica del catal\u00e0 a l\u2019Arag\u00f3. El decret apareix publicat al <em>Butllet\u00ed Oficial d\u2019Arag\u00f3<\/em> n\u00fam. 77, de 18 d\u2019abril de 2011, i es pot consultar a: <a href=\"http:\/\/www.boa.aragon.es\" target=\"_blank\"><em>http:\/\/www.boa.aragon.es<\/em><\/a><\/p>\n<h2>Criteris per a la localitzaci\u00f3 de productes inform\u00e0tics<\/h2>\n<p>El Termcat ha publicat en l\u00ednia el document \u00abLocalitzaci\u00f3 de productes inform\u00e0tics\u00bb, una actualitzaci\u00f3 dels \u00abCriteris per a la localitzaci\u00f3 de productes inform\u00e0tics\u00bb, que dataven de 1997. La localitzaci\u00f3 \u00e9s el proc\u00e9s pel qual un producte inform\u00e0tic s\u2019adapta a la llengua i la cultura d\u2019un pa\u00eds, i constitueix una de les tasques de traducci\u00f3 amb m\u00e9s projecci\u00f3 i m\u00e9s volum d\u2019activitat. L\u2019evoluci\u00f3 constant del programari, el progr\u00e9s tecnol\u00f2gic i la generalitzaci\u00f3 del servei web han fet sorgir noves formes d\u2019interacci\u00f3 de les persones amb aquestes interf\u00edcies, i han comportat la revisi\u00f3 dels criteris originals, concebuts en un context de desenvolupament tecnol\u00f2gic molt diferent, i dels exemples pr\u00e0ctics extrets de contextos de localitzaci\u00f3 reals. El document es pot consultar a: <a href=\"http:\/\/www.termcat.cat\/docs\/docs\/LocalitzacioProductesInformatics.pdf\" target=\"_blank\"><em>http:\/\/www.termcat.cat\/docs\/docs\/LocalitzacioProductesInformatics.pdf<\/em><\/a><\/p>\n<p>Els criteris s\u2019han redactat amb la participaci\u00f3 i l\u2019assessorament de diversos professionals i organismes vinculats a l\u2019\u00e0mbit de la llengua i de la localitzaci\u00f3 i s\u00f3n fruit de l\u2019assessorament terminol\u00f2gic prestat a diferents projectes vinculats a organismes com ara <span class=\"versaleta\">hp<\/span>, Microsoft, Sony i Softcatal\u00e0, i a iniciatives com ara OpenOffice.org i <span class=\"versaleta\">kde<\/span>.<\/p>\n<p>M\u00e9s informaci\u00f3: <a href=\"http:\/\/www.termcat.cat\/ca\/Actualitat\/Noticies\/87\/\" target=\"_blank\"><em>http:\/\/www.termcat.cat\/ca\/Actualitat\/Noticies\/87\/<\/em><\/a><\/p>\n<h2><span class=\"versaleta\">xxiv<\/span> Congr\u00e9s Internacional de Ci\u00e8ncies Onom\u00e0stiques<\/h2>\n<p>S\u2019ha obert el termini d\u2019inscripci\u00f3 al <span class=\"versaleta\">xxiv<\/span> Congr\u00e9s Internacional sobre Ci\u00e8ncies Onom\u00e0stiques de l&#8217;International Council of Onomastic Sciences <span class=\"versaleta\">(icos)<\/span>, que tindr\u00e0 lloc a Barcelona del 5 al 9 de setembre de 2011. El tema central del congr\u00e9s \u00e9s \u00abEls noms en la vida quotidiana\u00bb. Les institucions organitzadores del congr\u00e9s s\u00f3n la Generalitat de Catalunya, la Universitat de Barcelona i l\u2019International Council of Onomastic Sciences, amb la co&#320;laboraci\u00f3 de la Societat d&#8217;Onom\u00e0stica, l&#8217;Institut d&#8217;Estudis Catalans i l&#8217;Institut Cartogr\u00e0fic de Catalunya.<\/p>\n<p>Per a m\u00e9s informaci\u00f3: <a href=\"http:\/\/barcelona.onomastica.cat\" target=\"_blank\"><em>http:\/\/barcelona.onomastica.cat<\/em><\/a>\n<\/p><\/blockquote>\n","protected":false},"excerpt":{"rendered":"<p>Els Flaixos d\u2019Actualitat (n\u00fam. 72, 06.05.2011) ens envien, entre altres, la informaci\u00f3 seg\u00fcent: Comissi\u00f3 de Topon\u00edmia de les Illes Balears El Govern Balear ha aprovat el Decret 36\/2011, de 15 d\u2019abril, pel qual es crea la Comissi\u00f3 de Topon\u00edmia de les Illes Balears. El decret apareix publicat al boib n\u00fam. 64 del 28 d\u2019abril i [&hellip;]<\/p>\n","protected":false},"author":2,"featured_media":0,"comment_status":"open","ping_status":"open","sticky":false,"template":"","format":"standard","meta":{"footnotes":""},"categories":[4,1,12,17,30],"tags":[62,113,206,240,274,338,467],"class_list":["post-2137","post","type-post","status-publish","format-standard","hentry","category-dret","category-general","category-informatica","category-normativa","category-terminologia","tag-arago","tag-congressos","tag-flaixos-dactualitat","tag-illes-balears","tag-legislacio","tag-onomastica","tag-termcat"],"_links":{"self":[{"href":"https:\/\/www.cdlpv.org\/dtl\/wp-json\/wp\/v2\/posts\/2137","targetHints":{"allow":["GET"]}}],"collection":[{"href":"https:\/\/www.cdlpv.org\/dtl\/wp-json\/wp\/v2\/posts"}],"about":[{"href":"https:\/\/www.cdlpv.org\/dtl\/wp-json\/wp\/v2\/types\/post"}],"author":[{"embeddable":true,"href":"https:\/\/www.cdlpv.org\/dtl\/wp-json\/wp\/v2\/users\/2"}],"replies":[{"embeddable":true,"href":"https:\/\/www.cdlpv.org\/dtl\/wp-json\/wp\/v2\/comments?post=2137"}],"version-history":[{"count":0,"href":"https:\/\/www.cdlpv.org\/dtl\/wp-json\/wp\/v2\/posts\/2137\/revisions"}],"wp:attachment":[{"href":"https:\/\/www.cdlpv.org\/dtl\/wp-json\/wp\/v2\/media?parent=2137"}],"wp:term":[{"taxonomy":"category","embeddable":true,"href":"https:\/\/www.cdlpv.org\/dtl\/wp-json\/wp\/v2\/categories?post=2137"},{"taxonomy":"post_tag","embeddable":true,"href":"https:\/\/www.cdlpv.org\/dtl\/wp-json\/wp\/v2\/tags?post=2137"}],"curies":[{"name":"wp","href":"https:\/\/api.w.org\/{rel}","templated":true}]}}