{"id":2135,"date":"2011-05-09T09:37:02","date_gmt":"2011-05-09T08:37:02","guid":{"rendered":"http:\/\/www.cdlpv.org\/dtl\/?p=2135"},"modified":"2011-05-09T09:37:02","modified_gmt":"2011-05-09T08:37:02","slug":"oferta-laboral-el-nivell-d-en-la-universitat-rovira-i-virgili","status":"publish","type":"post","link":"https:\/\/www.cdlpv.org\/dtl\/2011\/05\/09\/oferta-laboral-el-nivell-d-en-la-universitat-rovira-i-virgili\/","title":{"rendered":"Oferta laboral: el nivell D en la Universitat Rovira i Virgili"},"content":{"rendered":"<p>Xavier Rull ens envia a trav\u00e9s d&#8217;Infoz\u00e8fir l&#8217;oferta laboral seg\u00fcent:<\/p>\n<blockquote><p>\nConvocat\u00f2ria d&#8217;una pla\u00e7a per impartir el Curs de Nivell Superior (D) de llengua catalana al campus de les Terres de l&#8217;Ebre el curs vinent.<\/p>\n<p>M\u00e9s informaci\u00f3 ac\u00ed: <a href=\"https:\/\/seuelectronica.urv.cat\/treballar-a-la-urv\/convocatories-pas\/308\/contractacio-duna-tecnica-del-grup-i-a-temps-parcial-area-de-llengua-catalana-servei-de-recursos-linguistics\" target=\"_blank\"><span class=\"versaleta\">[pdf]<\/span><\/a><\/p>\n<p>El termini de so&#320;licituds acaba el 14 de maig.\n<\/p><\/blockquote>\n<p>Les caracter\u00edstiques de la contractaci\u00f3 s\u00f3n:<\/p>\n<blockquote>\n<ul>\n<li>Personal laboral a temps parcial.\n<li>Contracte d\u2019obra o servei determinat per impartir els cursos esmentats.\n<li>Jornada: 180 hores (90 hores lectives + 90 hores de perman\u00e8ncia, preparaci\u00f3 de classes, examen, tutories&#8230;etc.). El nombre definitiu d\u2019hores i de cursos a impartir dependr\u00e0 del nombre d\u2019alumnes que es matriculin en cadascun dels cursos. La Universitat Rovira i Virgili podr\u00e0 eliminar algun dels cursos inicialment previstos si ho hi ha suficient nombre d\u2019alumnes matriculats.\n<li>Retribuci\u00f3 d\u2019acord amb el conveni co&#320;lectiu de les universitats p\u00fabliques catalanes vigent i segons el grup professional i la jornada a realitzar.\n<li>Data inici contracte: 1 de setembre de 2011.\n<\/ul>\n<\/blockquote>\n","protected":false},"excerpt":{"rendered":"<p>Xavier Rull ens envia a trav\u00e9s d&#8217;Infoz\u00e8fir l&#8217;oferta laboral seg\u00fcent: Convocat\u00f2ria d&#8217;una pla\u00e7a per impartir el Curs de Nivell Superior (D) de llengua catalana al campus de les Terres de l&#8217;Ebre el curs vinent. M\u00e9s informaci\u00f3 ac\u00ed: [pdf] El termini de so&#320;licituds acaba el 14 de maig. Les caracter\u00edstiques de la contractaci\u00f3 s\u00f3n: Personal laboral [&hellip;]<\/p>\n","protected":false},"author":2,"featured_media":0,"comment_status":"open","ping_status":"open","sticky":false,"template":"","format":"standard","meta":{"footnotes":""},"categories":[43,1,15],"tags":[499],"class_list":["post-2135","post","type-post","status-publish","format-standard","hentry","category-concursos","category-general","category-laboral","tag-universitat-rovira-i-virgili"],"_links":{"self":[{"href":"https:\/\/www.cdlpv.org\/dtl\/wp-json\/wp\/v2\/posts\/2135","targetHints":{"allow":["GET"]}}],"collection":[{"href":"https:\/\/www.cdlpv.org\/dtl\/wp-json\/wp\/v2\/posts"}],"about":[{"href":"https:\/\/www.cdlpv.org\/dtl\/wp-json\/wp\/v2\/types\/post"}],"author":[{"embeddable":true,"href":"https:\/\/www.cdlpv.org\/dtl\/wp-json\/wp\/v2\/users\/2"}],"replies":[{"embeddable":true,"href":"https:\/\/www.cdlpv.org\/dtl\/wp-json\/wp\/v2\/comments?post=2135"}],"version-history":[{"count":0,"href":"https:\/\/www.cdlpv.org\/dtl\/wp-json\/wp\/v2\/posts\/2135\/revisions"}],"wp:attachment":[{"href":"https:\/\/www.cdlpv.org\/dtl\/wp-json\/wp\/v2\/media?parent=2135"}],"wp:term":[{"taxonomy":"category","embeddable":true,"href":"https:\/\/www.cdlpv.org\/dtl\/wp-json\/wp\/v2\/categories?post=2135"},{"taxonomy":"post_tag","embeddable":true,"href":"https:\/\/www.cdlpv.org\/dtl\/wp-json\/wp\/v2\/tags?post=2135"}],"curies":[{"name":"wp","href":"https:\/\/api.w.org\/{rel}","templated":true}]}}