{"id":2131,"date":"2011-05-05T11:16:01","date_gmt":"2011-05-05T10:16:01","guid":{"rendered":"http:\/\/www.cdlpv.org\/dtl\/?p=2131"},"modified":"2011-05-05T11:16:01","modified_gmt":"2011-05-05T10:16:01","slug":"jornades-de-la-scaterm-sobre-terminologia-i-llenguatge-juridic","status":"publish","type":"post","link":"https:\/\/www.cdlpv.org\/dtl\/2011\/05\/05\/jornades-de-la-scaterm-sobre-terminologia-i-llenguatge-juridic\/","title":{"rendered":"Jornades de la Scaterm sobre terminologia i llenguatge jur\u00eddic"},"content":{"rendered":"<p>La Scaterm ens informa d&#8217;unes jornades terminol\u00f2giques:<\/p>\n<blockquote>\n<h2>IX Jornada de la Scaterm: \u00abTerminologia i llenguatge jur\u00eddic\u00bb<\/h2>\n<p><strong>18 de maig de 2011<\/strong><br \/>\n<strong>De 9.00 h a  19.00 h (sessions mat\u00ed i tarda)<\/strong><\/p>\n<p>A l\u2019Aula Magna de la Facultat d\u2019Economia i Empresa de la UAB (Bellaterra \u2013 Cerdanyola del Vall\u00e8s)<\/p>\n<p>Resum del contingut del programa:<\/p>\n<p><strong>Pon\u00e8ncies<\/strong><\/p>\n<p>Jordi Nieva i Fenoll (\u00abProblemes terminol\u00f2gics de la just\u00edcia en catal\u00e0\u00bb)<br \/>\nAgust\u00ed Pou i Pujolr\u00e0s (\u00abTerminologia jur\u00eddica catalana: algunes q\u00fcestions relatives a la consolidaci\u00f3 de l\u2019\u00fas\u00bb)<\/p>\n<p><strong>Comunicacions<\/strong><\/p>\n<p><strong>Presentaci\u00f3<\/strong> del <em>Diccionari jur\u00eddic catal\u00e0<\/em> (Societat Catalana d\u2019Estudis Jur\u00eddics)<\/p>\n<p><strong>Taula rodona<\/strong> (\u00abL\u2019encaix entre juristes i ling\u00fcistes\u00bb) i debat<\/p>\n<p><strong>Conclusions<\/strong><\/p>\n<p>Consulteu la informaci\u00f3 actualitzada a <a href=\"http:\/\/scaterm.iec.cat\" target=\"_blank\"><em>http:\/\/scaterm.iec.cat<\/em><\/a>, on tamb\u00e9 trobareu la butlleta d\u2019inscripci\u00f3.<\/p>\n<p>FONT: Vocalia de Comunicaci\u00f3 de la Scaterm\n<\/p><\/blockquote>\n","protected":false},"excerpt":{"rendered":"<p>La Scaterm ens informa d&#8217;unes jornades terminol\u00f2giques: IX Jornada de la Scaterm: \u00abTerminologia i llenguatge jur\u00eddic\u00bb 18 de maig de 2011 De 9.00 h a 19.00 h (sessions mat\u00ed i tarda) A l\u2019Aula Magna de la Facultat d\u2019Economia i Empresa de la UAB (Bellaterra \u2013 Cerdanyola del Vall\u00e8s) Resum del contingut del programa: Pon\u00e8ncies Jordi [&hellip;]<\/p>\n","protected":false},"author":2,"featured_media":0,"comment_status":"open","ping_status":"open","sticky":false,"template":"","format":"standard","meta":{"footnotes":""},"categories":[10,1,30],"tags":[258,431],"class_list":["post-2131","post","type-post","status-publish","format-standard","hentry","category-formacio","category-general","category-terminologia","tag-jornades","tag-scaterm"],"_links":{"self":[{"href":"https:\/\/www.cdlpv.org\/dtl\/wp-json\/wp\/v2\/posts\/2131","targetHints":{"allow":["GET"]}}],"collection":[{"href":"https:\/\/www.cdlpv.org\/dtl\/wp-json\/wp\/v2\/posts"}],"about":[{"href":"https:\/\/www.cdlpv.org\/dtl\/wp-json\/wp\/v2\/types\/post"}],"author":[{"embeddable":true,"href":"https:\/\/www.cdlpv.org\/dtl\/wp-json\/wp\/v2\/users\/2"}],"replies":[{"embeddable":true,"href":"https:\/\/www.cdlpv.org\/dtl\/wp-json\/wp\/v2\/comments?post=2131"}],"version-history":[{"count":0,"href":"https:\/\/www.cdlpv.org\/dtl\/wp-json\/wp\/v2\/posts\/2131\/revisions"}],"wp:attachment":[{"href":"https:\/\/www.cdlpv.org\/dtl\/wp-json\/wp\/v2\/media?parent=2131"}],"wp:term":[{"taxonomy":"category","embeddable":true,"href":"https:\/\/www.cdlpv.org\/dtl\/wp-json\/wp\/v2\/categories?post=2131"},{"taxonomy":"post_tag","embeddable":true,"href":"https:\/\/www.cdlpv.org\/dtl\/wp-json\/wp\/v2\/tags?post=2131"}],"curies":[{"name":"wp","href":"https:\/\/api.w.org\/{rel}","templated":true}]}}