{"id":213,"date":"2007-10-30T14:35:51","date_gmt":"2007-10-30T13:35:51","guid":{"rendered":"http:\/\/www.cdlpv.org\/dtl\/?p=213"},"modified":"2007-10-30T14:35:51","modified_gmt":"2007-10-30T13:35:51","slug":"un-espavilat-en-la-cort-de-font-de-mora-turon","status":"publish","type":"post","link":"https:\/\/www.cdlpv.org\/dtl\/2007\/10\/30\/un-espavilat-en-la-cort-de-font-de-mora-turon\/","title":{"rendered":"Un espavilat en la cort de Font de Mora Tur\u00f3n"},"content":{"rendered":"<p><a title=\"L'espavilat Font de Mora \u00e9s el de la llengua de la dreta\"><img decoding=\"async\" id=\"image144\" src=\"http:\/\/www.cdlpv.org\/dtl\/wp-content\/gpons-fonttrauenlallengua.miniatura.jpg\" alt=\"L'espavilat Font de Mora \u00e9s el de la llengua de la dreta\" align=\"right\" \/><\/a><br \/>\nEls t\u00e8cnics i t\u00e8cniques ling\u00fc\u00edstics (TMPL o AL) que treballem en l&#8217;administraci\u00f3 de la Generalitat sabem per qu\u00e8 pertanyem a l&#8217;administraci\u00f3 especial &mdash;anem a admetre eixa premissa&mdash;. Tal com diu la llei de la funci\u00f3 p\u00fablica valenciana (art. 16.3):<\/p>\n<blockquote><p>S\u00f3n llocs d&#8217;administraci\u00f3 especial aquells que, encara que exercisquen funcions que tendeixen a la producci\u00f3 d&#8217;actes administratius, tinguen un car\u00e0cter t\u00e8cnic per ra\u00f3 de l&#8217;exercici d&#8217;una determinada professi\u00f3 o professions espec\u00edfiques.<\/p><\/blockquote>\n<p><img decoding=\"async\" id=\"image214\" height=288 alt=\"Barracons segons el conseller\" src=\"http:\/\/www.cdlpv.org\/dtl\/wp-content\/barraco.jpg\" align=\"right\" \/>Aix\u00ed, si observem la imatge que hem pogut trobar en el bloc <a href=\"http:\/\/lefectejauss.blogspot.com\/2007\/10\/barrac.html\" target=\"_blank\"><em>L&#8217;Efecte Jauss 2.0<\/em><\/a> observem que, tal com dia Gloria Marcos Mart\u00ed &mdash;deixe const\u00e0ncia que el nom de la diputada no duia accent en el <span class=\"versaleta\"><em>docv<\/em><\/span> que publicava les candidatures de les passades eleccions&mdash; en el ple de les Corts, hi ha algun \u00abespavilat\u00bb en la conselleria de Font de Mora Tur\u00f3n, per\u00f2 es tracta d&#8217;un espavilat que no sap llegir els diccionaris, faena que els t\u00e8cnics ling\u00fc\u00edstics sabem que \u00e9s una tasca especialitzada. En concret, el <span class=\"versaleta\">drae<\/span> no diu que barrac\u00f3n siga <em>&#8216;caseta tosca&#8217;<\/em>, sin\u00f3:<\/p>\n<blockquote><p>\n<strong>1.<\/strong> m. Edificio rectangular de una planta para albergar tropas.\n<\/p><\/blockquote>\n<p>I diria que aix\u00f2 no \u00e9s cap millora al\u00b7lucinant per a la consideraci\u00f3 que hauria de mer\u00e9ixer el lloc on els governants del <span class=\"versaleta\">pp<\/span> <strong>no<\/strong> permenten aprendre en valenci\u00e0 a vora el 80&nbsp;% de <a href=\"http:\/\/www.cdlpv.org\/dtl\/?p=165\" target=\"_blank\">l&#8217;alumnat del pa\u00eds<\/a>. Es veu que poden acabar sense ni saber llegir un diccionari, per molt oficial que siga a totes les Espanyes. Aixina ixen els consellers espavilats traguent la llengua i els diccionaris.<\/p>\n","protected":false},"excerpt":{"rendered":"<p>Els t\u00e8cnics i t\u00e8cniques ling\u00fc\u00edstics (TMPL o AL) que treballem en l&#8217;administraci\u00f3 de la Generalitat sabem per qu\u00e8 pertanyem a l&#8217;administraci\u00f3 especial &mdash;anem a admetre eixa premissa&mdash;. Tal com diu la llei de la funci\u00f3 p\u00fablica valenciana (art. 16.3): S\u00f3n llocs d&#8217;administraci\u00f3 especial aquells que, encara que exercisquen funcions que tendeixen a la producci\u00f3 d&#8217;actes [&hellip;]<\/p>\n","protected":false},"author":2,"featured_media":0,"comment_status":"open","ping_status":"open","sticky":false,"template":"","format":"standard","meta":{"footnotes":""},"categories":[2,45,1,19,24,30],"tags":[],"class_list":["post-213","post","type-post","status-publish","format-standard","hentry","category-comunicacio","category-ensenyament","category-general","category-politica","category-requisit-linguistic","category-terminologia"],"_links":{"self":[{"href":"https:\/\/www.cdlpv.org\/dtl\/wp-json\/wp\/v2\/posts\/213","targetHints":{"allow":["GET"]}}],"collection":[{"href":"https:\/\/www.cdlpv.org\/dtl\/wp-json\/wp\/v2\/posts"}],"about":[{"href":"https:\/\/www.cdlpv.org\/dtl\/wp-json\/wp\/v2\/types\/post"}],"author":[{"embeddable":true,"href":"https:\/\/www.cdlpv.org\/dtl\/wp-json\/wp\/v2\/users\/2"}],"replies":[{"embeddable":true,"href":"https:\/\/www.cdlpv.org\/dtl\/wp-json\/wp\/v2\/comments?post=213"}],"version-history":[{"count":0,"href":"https:\/\/www.cdlpv.org\/dtl\/wp-json\/wp\/v2\/posts\/213\/revisions"}],"wp:attachment":[{"href":"https:\/\/www.cdlpv.org\/dtl\/wp-json\/wp\/v2\/media?parent=213"}],"wp:term":[{"taxonomy":"category","embeddable":true,"href":"https:\/\/www.cdlpv.org\/dtl\/wp-json\/wp\/v2\/categories?post=213"},{"taxonomy":"post_tag","embeddable":true,"href":"https:\/\/www.cdlpv.org\/dtl\/wp-json\/wp\/v2\/tags?post=213"}],"curies":[{"name":"wp","href":"https:\/\/api.w.org\/{rel}","templated":true}]}}