{"id":2129,"date":"2011-05-06T08:05:44","date_gmt":"2011-05-06T07:05:44","guid":{"rendered":"http:\/\/www.cdlpv.org\/dtl\/?p=2129"},"modified":"2011-05-06T08:05:44","modified_gmt":"2011-05-06T07:05:44","slug":"oferta-laboral-a-la-universitat-rovira-i-virgili","status":"publish","type":"post","link":"https:\/\/www.cdlpv.org\/dtl\/2011\/05\/06\/oferta-laboral-a-la-universitat-rovira-i-virgili\/","title":{"rendered":"Oferta laboral a la Universitat Rovira i Virgili"},"content":{"rendered":"<p>Xavier Rull ens envia a trav\u00e9s d&#8217;Infoz\u00e8fir l&#8217;oferta laboral seg\u00fcent:<\/p>\n<blockquote>\n<h2>Oferta de feina: substituci\u00f3 maternal<\/h2>\n<p>Contractaci\u00f3 d&#8217;un t\u00e8cnic ling\u00fc\u00edstic, a temps parcial, del grup I &#8211; \u00e0rea de llengua catalana. Servei de Recursos Ling\u00fc\u00edstics Universitat Rovira i Virgili<\/p>\n<p>Informaci\u00f3 a: <a href=\"https:\/\/seuelectronica.urv.cat\/treballar-a-la-urv\/convocatories-pas\/307\/contractacio-duna-tecnica-linguistica-a-temps-parcial-del-grup-i-area-de-llengua-catalana-servei-de-recursos-linguistics\" target=\"_blank\">URV<\/a>.\n<\/p><\/blockquote>\n<p>El termini per a presentar les so&#320;licituds s&#8217;acaba el 14.05.2011. Les caracter\u00edstiques s\u00f3n:<\/p>\n<blockquote><p>\n<em>a<\/em>) Personal laboral.<br \/>\n<em>b<\/em>) Contracte d\u2019interinitat: per a substituir una persona que gaudeix de reserva del seu lloc de treball.<br \/>\n<em>c<\/em>) Jornada: temps parcial, 731 hores anuals. Horari de tarda.<br \/>\nAquestes places estan qualificades com d&#8217;horari especial, amb una distribuci\u00f3 de les hores irregular tant durant la setmana com durant tot l&#8217;any. El treballador ha d&#8217;acceptar la flexibilitat en la dedicaci\u00f3 hor\u00e0ria que comporta aquest lloc de treball.<br \/>\nAnualment i a l&#8217;inici del curs acad\u00e8mic, la URV informar\u00e0 al treballador del calendari laboral el qual respectar\u00e0 l&#8217;horari i distribuci\u00f3 dels cursos programats pel Servei de Recursos Ling\u00fc\u00edstics. Aquest calendari es revisar\u00e0 semestralment per si s&#8217;incorporen nous cursos o es deixen d&#8217;impartir. Es pot consultar la distribuci\u00f3 hor\u00e0ria del curs acad\u00e8mic 2010-2011 al Servei de Recursos Ling\u00fc\u00edstics, Av. Catalunya, 35 43002- Tarragona.<br \/>\n<em>d<\/em>) Retribuci\u00f3 d\u2019acord amb el conveni co&#320;lectiu de les universitats p\u00fabliques catalanes vigent i segons el grup professional i la jornada a realitzar.<br \/>\ne) Centre de treball: Els cursos poden impartir-se en qualsevol dels centres de la URV i en diferents localitats. Els despla\u00e7aments entre els diferents centres de treball aniran a c\u00e0rrec del treballador que accepta aquestes condicions\n<\/p><\/blockquote>\n","protected":false},"excerpt":{"rendered":"<p>Xavier Rull ens envia a trav\u00e9s d&#8217;Infoz\u00e8fir l&#8217;oferta laboral seg\u00fcent: Oferta de feina: substituci\u00f3 maternal Contractaci\u00f3 d&#8217;un t\u00e8cnic ling\u00fc\u00edstic, a temps parcial, del grup I &#8211; \u00e0rea de llengua catalana. Servei de Recursos Ling\u00fc\u00edstics Universitat Rovira i Virgili Informaci\u00f3 a: URV. El termini per a presentar les so&#320;licituds s&#8217;acaba el 14.05.2011. Les caracter\u00edstiques s\u00f3n: a) [&hellip;]<\/p>\n","protected":false},"author":2,"featured_media":0,"comment_status":"open","ping_status":"open","sticky":false,"template":"","format":"standard","meta":{"footnotes":""},"categories":[43,1,15],"tags":[499],"class_list":["post-2129","post","type-post","status-publish","format-standard","hentry","category-concursos","category-general","category-laboral","tag-universitat-rovira-i-virgili"],"_links":{"self":[{"href":"https:\/\/www.cdlpv.org\/dtl\/wp-json\/wp\/v2\/posts\/2129","targetHints":{"allow":["GET"]}}],"collection":[{"href":"https:\/\/www.cdlpv.org\/dtl\/wp-json\/wp\/v2\/posts"}],"about":[{"href":"https:\/\/www.cdlpv.org\/dtl\/wp-json\/wp\/v2\/types\/post"}],"author":[{"embeddable":true,"href":"https:\/\/www.cdlpv.org\/dtl\/wp-json\/wp\/v2\/users\/2"}],"replies":[{"embeddable":true,"href":"https:\/\/www.cdlpv.org\/dtl\/wp-json\/wp\/v2\/comments?post=2129"}],"version-history":[{"count":0,"href":"https:\/\/www.cdlpv.org\/dtl\/wp-json\/wp\/v2\/posts\/2129\/revisions"}],"wp:attachment":[{"href":"https:\/\/www.cdlpv.org\/dtl\/wp-json\/wp\/v2\/media?parent=2129"}],"wp:term":[{"taxonomy":"category","embeddable":true,"href":"https:\/\/www.cdlpv.org\/dtl\/wp-json\/wp\/v2\/categories?post=2129"},{"taxonomy":"post_tag","embeddable":true,"href":"https:\/\/www.cdlpv.org\/dtl\/wp-json\/wp\/v2\/tags?post=2129"}],"curies":[{"name":"wp","href":"https:\/\/api.w.org\/{rel}","templated":true}]}}