{"id":2122,"date":"2011-05-03T09:13:44","date_gmt":"2011-05-03T08:13:44","guid":{"rendered":"http:\/\/www.cdlpv.org\/dtl\/?p=2122"},"modified":"2011-05-03T09:13:44","modified_gmt":"2011-05-03T08:13:44","slug":"subvencions-per-a-activitats-literaries","status":"publish","type":"post","link":"https:\/\/www.cdlpv.org\/dtl\/2011\/05\/03\/subvencions-per-a-activitats-literaries\/","title":{"rendered":"Subvencions per a activitats liter\u00e0ries"},"content":{"rendered":"<p>El 30 de maig s&#8217;acaba el termini per a demanar les subvencions de la Generalitat de Catalunya per a activitats liter\u00e0ries:<\/p>\n<blockquote>\n<h2>Subvencions a activitats liter\u00e0ries 2011<\/h2>\n<p>Aquestes subvencions estan regulades per les bases publicades al <a href=\"http:\/\/www.gencat.cat\/eadop\/imatges\/5371\/09076103.pdf\" target=\"_blank\">n\u00fam. 5371<\/a> del <span class=\"versaleta\"><em>dogc<\/em><\/span> i per la convocat\u00f2ria publicada al <a href=\"https:\/\/www.gencat.cat\/eadop\/imatges\/5868\/11096128.pdf\" target=\"_blank\">n\u00fam. 5868<\/a> del <span class=\"versaleta\"><em>dogc<\/em><\/span>.<\/p>\n<p>Les propostes presentades s\u2019han de dur a terme durant l\u2019any de publicaci\u00f3 de la convocat\u00f2ria corresponent, a excepci\u00f3 de la d\u2019Activitats de promoci\u00f3 que s\u2019han de realitzar entre l\u20191 de desembre de l\u2019any anterior i el 30 de novembre de l\u2019any de la convocat\u00f2ria de subvenci\u00f3.<\/p>\n<p>Dins de cada l\u00ednia d&#8217;ajut trobareu el formulari de so&#320;licitud i una petita guia amb les preguntes m\u00e9s freq\u00fcents sobre el procediment.<\/p>\n<ul>\n<li>Creaci\u00f3 liter\u00e0ria en llengua catalana\n<li>Realitzaci\u00f3 d&#8217;activitats de promoci\u00f3 i difusi\u00f3 de la literatura en catal\u00e0\n<li>Creaci\u00f3 o renovaci\u00f3 de p\u00e0gines web sobre literatura catalana\n<li>Ajuts a traductors i traductores per a la traducci\u00f3 al catal\u00e0 d&#8217;obres liter\u00e0ries en altres lleng\u00fces.\n<li>Investigaci\u00f3 sobre moviments, obres, autors i cr\u00edtica liter\u00e0ria de literatura catalana, preferentment contempor\u00e0nia.\n<\/ul>\n<\/blockquote>\n<p>M\u00e9s dades: <a href=\"http:\/\/www20.gencat.cat\/portal\/site\/CulturaDepartament\/menuitem.4f810f50a62de38a5a2a63a7b0c0e1a0\/?vgnextoid=500e5b33310af210VgnVCM2000009b0c1e0aRCRD&#038;vgnextchannel=500e5b33310af210VgnVCM2000009b0c1e0aRCRD\" target=\"_blank\">Instituci\u00f3 de les Lletres Catalanes<\/a><\/p>\n","protected":false},"excerpt":{"rendered":"<p>El 30 de maig s&#8217;acaba el termini per a demanar les subvencions de la Generalitat de Catalunya per a activitats liter\u00e0ries: Subvencions a activitats liter\u00e0ries 2011 Aquestes subvencions estan regulades per les bases publicades al n\u00fam. 5371 del dogc i per la convocat\u00f2ria publicada al n\u00fam. 5868 del dogc. Les propostes presentades s\u2019han de dur [&hellip;]<\/p>\n","protected":false},"author":2,"featured_media":0,"comment_status":"open","ping_status":"open","sticky":false,"template":"","format":"standard","meta":{"footnotes":""},"categories":[1,28],"tags":[223,279],"class_list":["post-2122","post","type-post","status-publish","format-standard","hentry","category-general","category-subvencions","tag-generalitat-de-catalunya","tag-literatura"],"_links":{"self":[{"href":"https:\/\/www.cdlpv.org\/dtl\/wp-json\/wp\/v2\/posts\/2122","targetHints":{"allow":["GET"]}}],"collection":[{"href":"https:\/\/www.cdlpv.org\/dtl\/wp-json\/wp\/v2\/posts"}],"about":[{"href":"https:\/\/www.cdlpv.org\/dtl\/wp-json\/wp\/v2\/types\/post"}],"author":[{"embeddable":true,"href":"https:\/\/www.cdlpv.org\/dtl\/wp-json\/wp\/v2\/users\/2"}],"replies":[{"embeddable":true,"href":"https:\/\/www.cdlpv.org\/dtl\/wp-json\/wp\/v2\/comments?post=2122"}],"version-history":[{"count":0,"href":"https:\/\/www.cdlpv.org\/dtl\/wp-json\/wp\/v2\/posts\/2122\/revisions"}],"wp:attachment":[{"href":"https:\/\/www.cdlpv.org\/dtl\/wp-json\/wp\/v2\/media?parent=2122"}],"wp:term":[{"taxonomy":"category","embeddable":true,"href":"https:\/\/www.cdlpv.org\/dtl\/wp-json\/wp\/v2\/categories?post=2122"},{"taxonomy":"post_tag","embeddable":true,"href":"https:\/\/www.cdlpv.org\/dtl\/wp-json\/wp\/v2\/tags?post=2122"}],"curies":[{"name":"wp","href":"https:\/\/api.w.org\/{rel}","templated":true}]}}