{"id":2116,"date":"2011-04-20T11:08:22","date_gmt":"2011-04-20T10:08:22","guid":{"rendered":"http:\/\/www.cdlpv.org\/dtl\/?p=2116"},"modified":"2011-04-20T11:08:22","modified_gmt":"2011-04-20T10:08:22","slug":"oferta-laboral-de-la-xarxa-vives-duniversitats","status":"publish","type":"post","link":"https:\/\/www.cdlpv.org\/dtl\/2011\/04\/20\/oferta-laboral-de-la-xarxa-vives-duniversitats\/","title":{"rendered":"Oferta laboral de la Xarxa Vives d&#8217;universitats"},"content":{"rendered":"<p>La Xarxa Vives d&#8217;universitats fa l&#8217;oferta laboral seg\u00fcent:<\/p>\n<blockquote>\n<h2>Convocat\u00f2ria d\u2019una pla\u00e7a de t\u00e8cnic d\u2019activitats de la Xarxa Vives<\/h2>\n<p><strong>Lloc: <\/strong>Universitats de la Xarxa<br \/>\n<strong>Adre\u00e7a:<\/strong> Campus de les Universitats<br \/>\n<strong>Data:<\/strong> 27\/04\/2011<br \/>\n<strong>Hora d&#8217;inici: <\/strong>13.00 h<\/p>\n<p>La Xarxa Vives d\u2019Universitats convoca una oferta d\u2019ocupaci\u00f3 per a cobrir la pla\u00e7a d\u2019un t\u00e8cnic de suport a les activitats de la Xarxa. Les sol\u00b7licituds es poden presentar mitjan\u00e7ant l\u2019enviament del curr\u00edculum a l\u2019adre\u00e7a <a href=\"mailto:convocatoria@vives.org\" target=\"_blank\"><em>convocatoria@vives.org<\/em><\/a>, del 19 al 27 d\u2019abril. El termini de presentaci\u00f3 finalitza dimecres 27 a les 13 hores.<\/p><\/blockquote>\n<p>Entre les dades de la convocat\u00f2ria podem destacar:<\/p>\n<blockquote>[&#8230;]\n<strong>2.<\/strong> Caracter\u00edstiques de la contractaci\u00f3:<br \/>\na. Contracte laboral temporal de 9 mesos de durada.<br \/>\nb. Sou brut anual de 8.000,00 \u20ac.<br \/>\nc. Dedicaci\u00f3 hor\u00e0ria: 20 hores setmanals. Horari a convenir.<br \/>\nd. Incorporaci\u00f3: 4 de maig de 2011.<br \/>\n<strong>3.<\/strong> Requisits dels aspirants:<br \/>\nGrau en Traducci\u00f3 i Interpretaci\u00f3.<br \/>\n[&#8230;]\n<strong>6.<\/strong> Presentaci\u00f3 de so\u0140licituds i documentaci\u00f3:<br \/>\na. Per\u00edode de presentaci\u00f3 de so\u0140licituds: del 19 al 27 d\u2019abril de 2011, ambd\u00f3s inclosos. El termini de recepci\u00f3 de so\u0140licituds finalitzar\u00e0 el dia 27 d\u2019abril, a les 13 h.<br \/>\nb. Procediment de presentaci\u00f3 de so\u0140licituds: enviament per correu electr\u00f2nic del curr\u00edculum a l\u2019adre\u00e7a <a href=\"mailto:convocatoria@vives.org\" target=\"_blank\"><em>convocatoria@vives.org<\/em><\/a>.<br \/>\n<strong>7. <\/strong>Proc\u00e9s de selecci\u00f3:<br \/>\nAls candidats seleccionats se\u2019ls convocar\u00e0 per a la realitzaci\u00f3 d\u2019una prova escrita el dia 29 d\u2019abril. El proc\u00e9s finalitzar\u00e0 amb una entrevista als candidats amb m\u00e9s m\u00e8rits el dia 3 de maig.<\/p><\/blockquote>\n<p>M\u00e9s informaci\u00f3 ac\u00ed: <a href=\"http:\/\/www.vives.org\/ca\/events\/?event_id=48\" target=\"_blank\">Convocat\u00f2ria d\u2019una pla\u00e7a de t\u00e8cnic d\u2019activitats de la Xarxa Vives | Xarxa Vives d&#8217;Universitats<\/a>.<\/p>\n","protected":false},"excerpt":{"rendered":"<p>La Xarxa Vives d&#8217;universitats fa l&#8217;oferta laboral seg\u00fcent: Convocat\u00f2ria d\u2019una pla\u00e7a de t\u00e8cnic d\u2019activitats de la Xarxa Vives Lloc: Universitats de la Xarxa Adre\u00e7a: Campus de les Universitats Data: 27\/04\/2011 Hora d&#8217;inici: 13.00 h La Xarxa Vives d\u2019Universitats convoca una oferta d\u2019ocupaci\u00f3 per a cobrir la pla\u00e7a d\u2019un t\u00e8cnic de suport a les activitats de [&hellip;]<\/p>\n","protected":false},"author":2,"featured_media":0,"comment_status":"open","ping_status":"open","sticky":false,"template":"","format":"standard","meta":{"footnotes":""},"categories":[43,1,15,18],"tags":[500],"class_list":["post-2116","post","type-post","status-publish","format-standard","hentry","category-concursos","category-general","category-laboral","category-oposicions","tag-universitats"],"_links":{"self":[{"href":"https:\/\/www.cdlpv.org\/dtl\/wp-json\/wp\/v2\/posts\/2116","targetHints":{"allow":["GET"]}}],"collection":[{"href":"https:\/\/www.cdlpv.org\/dtl\/wp-json\/wp\/v2\/posts"}],"about":[{"href":"https:\/\/www.cdlpv.org\/dtl\/wp-json\/wp\/v2\/types\/post"}],"author":[{"embeddable":true,"href":"https:\/\/www.cdlpv.org\/dtl\/wp-json\/wp\/v2\/users\/2"}],"replies":[{"embeddable":true,"href":"https:\/\/www.cdlpv.org\/dtl\/wp-json\/wp\/v2\/comments?post=2116"}],"version-history":[{"count":0,"href":"https:\/\/www.cdlpv.org\/dtl\/wp-json\/wp\/v2\/posts\/2116\/revisions"}],"wp:attachment":[{"href":"https:\/\/www.cdlpv.org\/dtl\/wp-json\/wp\/v2\/media?parent=2116"}],"wp:term":[{"taxonomy":"category","embeddable":true,"href":"https:\/\/www.cdlpv.org\/dtl\/wp-json\/wp\/v2\/categories?post=2116"},{"taxonomy":"post_tag","embeddable":true,"href":"https:\/\/www.cdlpv.org\/dtl\/wp-json\/wp\/v2\/tags?post=2116"}],"curies":[{"name":"wp","href":"https:\/\/api.w.org\/{rel}","templated":true}]}}