{"id":2113,"date":"2011-04-19T08:15:12","date_gmt":"2011-04-19T07:15:12","guid":{"rendered":"http:\/\/www.cdlpv.org\/dtl\/?p=2113"},"modified":"2011-04-19T08:15:12","modified_gmt":"2011-04-19T07:15:12","slug":"flaixos-dequivalencies-i-de-bon-govern-a-les-balears","status":"publish","type":"post","link":"https:\/\/www.cdlpv.org\/dtl\/2011\/04\/19\/flaixos-dequivalencies-i-de-bon-govern-a-les-balears\/","title":{"rendered":"Flaixos d&#8217;equival\u00e8ncies i de bon govern a les Balears"},"content":{"rendered":"<p>Els <em>Flaixos d\u2019Actualitat<\/em> (<a href=\"http:\/\/www6.gencat.cat\/llengcat\/Flaixos_71\/www20.gencat.cat\/portal\/site\/Llengcat\/menuitem.08f45c9e3857090e3285bdb1b0c0e1a0\/index88fa.html\" target=\"_blank\">n\u00fam. 71<\/a>, 15.04.2011) ens envien, entre altres, la informaci\u00f3 seg\u00fcent:<\/p>\n<blockquote>\n<h2>Equival\u00e8ncies dels certificats de llengua catalana a les Illes Balears<\/h2>\n<p>S\u2019ha publicat, al <span class=\"versaleta\"><em>boib<\/em><\/span> n\u00fam. 53 <a href=\"http:\/\/boib.caib.es\/pdf\/2011053\/mp70.pdf\" target=\"_blank\"><span class=\"versaleta\">[pdf]<\/span><\/a>, de 9 d\u2019abril, l\u2019Ordre de 30 de mar\u00e7 de 2011, per la qual es determinen els t\u00edtols, diplomes i certificats equivalents als certificats de coneixements de llengua catalana de la Direcci\u00f3 General de Pol\u00edtica Ling\u00fc\u00edstica. Segons el pre\u00e0mbul, l\u2019aprovaci\u00f3 del Decret 16\/2011, de 25 de febrer, d\u2019avaluaci\u00f3 i certificaci\u00f3 de coneixements de llengua catalana ha fet necessari dictar aquesta nova disposici\u00f3.<\/p>\n<h2>Llei balear de la bona administraci\u00f3 i del bon govern<\/h2>\n<p>El Parlament de les Illes Balears ha aprovat la Llei 4\/2011, de 31 de mar\u00e7, de la bona administraci\u00f3 i del bon govern de les Illes Balears. A l\u2019article 20 s\u2019estableix que els plecs de cl\u00e0usules administratives dels contractes de gesti\u00f3 de serveis p\u00fablics han de contenir les previsions necess\u00e0ries per garantir, com a m\u00ednim, diversos drets de les persones usu\u00e0ries, entre els quals, el dret a utilitzar, a elecci\u00f3 seva, qualsevol de les lleng\u00fces oficials de la comunitat aut\u00f2noma en les seves relacions amb l\u2019entitat.<\/p>\n<p>La Llei apareix publicada al <span class=\"versaleta\"><em>boib<\/em><\/span> 53, de 9 d\u2019abril. <a href=\"http:\/\/boib.caib.es\/pdf\/2011053\/mp6.pdf\" target=\"_blank\"><span class=\"versaleta\">[pdf]<\/span><\/a>\n<\/p><\/blockquote>\n","protected":false},"excerpt":{"rendered":"<p>Els Flaixos d\u2019Actualitat (n\u00fam. 71, 15.04.2011) ens envien, entre altres, la informaci\u00f3 seg\u00fcent: Equival\u00e8ncies dels certificats de llengua catalana a les Illes Balears S\u2019ha publicat, al boib n\u00fam. 53 [pdf], de 9 d\u2019abril, l\u2019Ordre de 30 de mar\u00e7 de 2011, per la qual es determinen els t\u00edtols, diplomes i certificats equivalents als certificats de coneixements [&hellip;]<\/p>\n","protected":false},"author":2,"featured_media":0,"comment_status":"open","ping_status":"open","sticky":false,"template":"","format":"standard","meta":{"footnotes":""},"categories":[4,10,1,47,19],"tags":[159,206,240],"class_list":["post-2113","post","type-post","status-publish","format-standard","hentry","category-dret","category-formacio","category-general","category-planificacio","category-politica","tag-drets-linguistics","tag-flaixos-dactualitat","tag-illes-balears"],"_links":{"self":[{"href":"https:\/\/www.cdlpv.org\/dtl\/wp-json\/wp\/v2\/posts\/2113","targetHints":{"allow":["GET"]}}],"collection":[{"href":"https:\/\/www.cdlpv.org\/dtl\/wp-json\/wp\/v2\/posts"}],"about":[{"href":"https:\/\/www.cdlpv.org\/dtl\/wp-json\/wp\/v2\/types\/post"}],"author":[{"embeddable":true,"href":"https:\/\/www.cdlpv.org\/dtl\/wp-json\/wp\/v2\/users\/2"}],"replies":[{"embeddable":true,"href":"https:\/\/www.cdlpv.org\/dtl\/wp-json\/wp\/v2\/comments?post=2113"}],"version-history":[{"count":0,"href":"https:\/\/www.cdlpv.org\/dtl\/wp-json\/wp\/v2\/posts\/2113\/revisions"}],"wp:attachment":[{"href":"https:\/\/www.cdlpv.org\/dtl\/wp-json\/wp\/v2\/media?parent=2113"}],"wp:term":[{"taxonomy":"category","embeddable":true,"href":"https:\/\/www.cdlpv.org\/dtl\/wp-json\/wp\/v2\/categories?post=2113"},{"taxonomy":"post_tag","embeddable":true,"href":"https:\/\/www.cdlpv.org\/dtl\/wp-json\/wp\/v2\/tags?post=2113"}],"curies":[{"name":"wp","href":"https:\/\/api.w.org\/{rel}","templated":true}]}}