{"id":211,"date":"2007-10-26T20:02:06","date_gmt":"2007-10-26T19:02:06","guid":{"rendered":"http:\/\/www.cdlpv.org\/dtl\/?p=211"},"modified":"2007-10-26T20:02:06","modified_gmt":"2007-10-26T19:02:06","slug":"oferta-laboral-deuropa-press-catalunya","status":"publish","type":"post","link":"https:\/\/www.cdlpv.org\/dtl\/2007\/10\/26\/oferta-laboral-deuropa-press-catalunya\/","title":{"rendered":"Oferta laboral d&#8217;Europa Press &#8211; Catalunya"},"content":{"rendered":"<p>La llista InfoZ\u00e8fir ens ha fet arribar una oferta laboral. I abans de dir res, fins i tot abans de pensar-ho, meditem sobre l&#8217;economia de mercat, l&#8217;oferta, la demanda, els mecanismes reguladors, la seguretat social, l&#8217;estat del benestar, la inspecci\u00f3 de treball i la seguretat laboral, el xiquets i xiquetes de les mines, els immigrants sense papers, l&#8217;economia submergida, el mercat negre, les directives \u00absecretes\u00bb de la Uni\u00f3 Europea <a href=\"http:\/\/www.lacoctelera.com\/reggio\/post\/2007\/10\/19\/aahabraa-soportar-europa-secreta-soledad-gallego\" target=\"_blank\">[veg.]<\/a>, els esclaus del Brasil i un llarg etc\u00e8tera que demostren que qualsevol altre m\u00f3n \u00e9s possible.<\/p>\n<p>I ara, ja podem valorar quina contraoferta li far\u00edem a Europa Press &#8211; Catalunya (a\/e: catalunya@europapress.es):<\/p>\n<blockquote>\n<h2>Oferta de feina<\/h2>\n<p><strong>Empresa:<\/strong> Europa Press Catalunya<br \/>\n<strong>Tipus de contracte:<\/strong> substituci\u00f3 per maternitat<br \/>\n<strong>Durada: <\/strong>quatre mesos (disponibilitat a partir de mitjan desembre)<br \/>\n<strong>Sou brut:<\/strong> 790 euros mensuals (m\u00e9s les despeses del dinar)<br \/>\n<strong>Tipus de feina:<\/strong> revisi\u00f3 gramatical, d&#8217;estil i tipogr\u00e0fica de not\u00edcies d&#8217;informaci\u00f3 econ\u00f2mica<br \/>\n<strong>Horari:<\/strong> 09.00 h &#8211; 17.30 h, amb cinquanta minuts per dinar<br \/>\n<strong>Requisit:<\/strong> llicenciatura de filologia catalana<br \/>\n<strong>M\u00e8rits:<\/strong><br \/>\n&#8211; Postgrau de Correcci\u00f3 i de Qualitat Ling\u00fc\u00edstica de la UAB<br \/>\n&#8211; Certificat K de capacitaci\u00f3 per a la correcci\u00f3 de textos orals i  escrits\n<\/p><\/blockquote>\n","protected":false},"excerpt":{"rendered":"<p>La llista InfoZ\u00e8fir ens ha fet arribar una oferta laboral. I abans de dir res, fins i tot abans de pensar-ho, meditem sobre l&#8217;economia de mercat, l&#8217;oferta, la demanda, els mecanismes reguladors, la seguretat social, l&#8217;estat del benestar, la inspecci\u00f3 de treball i la seguretat laboral, el xiquets i xiquetes de les mines, els immigrants [&hellip;]<\/p>\n","protected":false},"author":2,"featured_media":0,"comment_status":"open","ping_status":"open","sticky":false,"template":"","format":"standard","meta":{"footnotes":""},"categories":[1,15,26],"tags":[],"class_list":["post-211","post","type-post","status-publish","format-standard","hentry","category-general","category-laboral","category-serveis-linguistics"],"_links":{"self":[{"href":"https:\/\/www.cdlpv.org\/dtl\/wp-json\/wp\/v2\/posts\/211","targetHints":{"allow":["GET"]}}],"collection":[{"href":"https:\/\/www.cdlpv.org\/dtl\/wp-json\/wp\/v2\/posts"}],"about":[{"href":"https:\/\/www.cdlpv.org\/dtl\/wp-json\/wp\/v2\/types\/post"}],"author":[{"embeddable":true,"href":"https:\/\/www.cdlpv.org\/dtl\/wp-json\/wp\/v2\/users\/2"}],"replies":[{"embeddable":true,"href":"https:\/\/www.cdlpv.org\/dtl\/wp-json\/wp\/v2\/comments?post=211"}],"version-history":[{"count":0,"href":"https:\/\/www.cdlpv.org\/dtl\/wp-json\/wp\/v2\/posts\/211\/revisions"}],"wp:attachment":[{"href":"https:\/\/www.cdlpv.org\/dtl\/wp-json\/wp\/v2\/media?parent=211"}],"wp:term":[{"taxonomy":"category","embeddable":true,"href":"https:\/\/www.cdlpv.org\/dtl\/wp-json\/wp\/v2\/categories?post=211"},{"taxonomy":"post_tag","embeddable":true,"href":"https:\/\/www.cdlpv.org\/dtl\/wp-json\/wp\/v2\/tags?post=211"}],"curies":[{"name":"wp","href":"https:\/\/api.w.org\/{rel}","templated":true}]}}