{"id":2109,"date":"2011-04-15T10:32:49","date_gmt":"2011-04-15T09:32:49","guid":{"rendered":"http:\/\/www.cdlpv.org\/dtl\/?p=2109"},"modified":"2011-04-15T10:32:49","modified_gmt":"2011-04-15T09:32:49","slug":"la-patent-europea-discrimina-llengues","status":"publish","type":"post","link":"https:\/\/www.cdlpv.org\/dtl\/2011\/04\/15\/la-patent-europea-discrimina-llengues\/","title":{"rendered":"La patent europea discrimina lleng\u00fces"},"content":{"rendered":"<p>El concepte sobre qu\u00e8 \u00e9s i qu\u00e8 no \u00e9s discriminaci\u00f3 ling\u00fc\u00edstica \u00e9s molt maleable pol\u00edticament. Tal com ja es comentar fa uns mesos (<em>Ara.cat,<\/em> 08.12.2010):<\/p>\n<blockquote>\n<h2>Espanya es desmarca de la patent europea per una q\u00fcesti\u00f3 ling\u00fc\u00edstica<\/h2>\n<h2>El govern espanyol considera discriminatori que el r\u00e8gim ling\u00fc\u00edstic proposat es basi nom\u00e9s en l&#8217;angl\u00e8s, el franc\u00e8s i l&#8217;alemany<\/h2>\n<\/blockquote>\n<p>Pel que sembla, la Comissi\u00f3 Europea va concretar ahir la seua proposta per a la patent unit\u00e0ria europea (<em>El Pa\u00eds,<\/em> 14.04.2011):<\/p>\n<blockquote>\n<h2>La Comissi\u00f3 d\u00f3na suport a la patent en tres lleng\u00fces<\/h2>\n<p>La Comissi\u00f3 Europea va concretar ahir la seua proposta per a la creaci\u00f3 d&#8217;una patent unit\u00e0ria europea, que assumix l&#8217;oficialitat exclusiva de les tres lleng\u00fces (alemany, franc\u00e9s i angl\u00e9s) amb qu\u00e8 treballa l&#8217;Oficina Europea de Patents, de la qual formen part 38 pa\u00efsos. Espanya i It\u00e0lia, que consideren discriminatori este tripartit ling\u00fc\u00edstic, han anunciat que recorreran al Tribunal de Just\u00edcia de la UE.\n<\/p><\/blockquote>\n<p>Espanya i It\u00e0lia, \u00e9s a dir, els governs de Zapatero i de Berlusconi, tenen una interpretaci\u00f3 peculiar sobre moltes q\u00fcestions, i curiosament mai no deixen de ser interessades. En este cas, els catalanoparlants podem estar segurs que ni l&#8217;un ni l&#8217;altre estan pendents de no discrminar-mos.<\/p>\n","protected":false},"excerpt":{"rendered":"<p>El concepte sobre qu\u00e8 \u00e9s i qu\u00e8 no \u00e9s discriminaci\u00f3 ling\u00fc\u00edstica \u00e9s molt maleable pol\u00edticament. Tal com ja es comentar fa uns mesos (Ara.cat, 08.12.2010): Espanya es desmarca de la patent europea per una q\u00fcesti\u00f3 ling\u00fc\u00edstica El govern espanyol considera discriminatori que el r\u00e8gim ling\u00fc\u00edstic proposat es basi nom\u00e9s en l&#8217;angl\u00e8s, el franc\u00e8s i l&#8217;alemany [&hellip;]<\/p>\n","protected":false},"author":2,"featured_media":0,"comment_status":"open","ping_status":"open","sticky":false,"template":"","format":"standard","meta":{"footnotes":""},"categories":[4,1,19,35],"tags":[107],"class_list":["post-2109","post","type-post","status-publish","format-standard","hentry","category-dret","category-general","category-politica","category-unio-europea","tag-comissio-europea"],"_links":{"self":[{"href":"https:\/\/www.cdlpv.org\/dtl\/wp-json\/wp\/v2\/posts\/2109","targetHints":{"allow":["GET"]}}],"collection":[{"href":"https:\/\/www.cdlpv.org\/dtl\/wp-json\/wp\/v2\/posts"}],"about":[{"href":"https:\/\/www.cdlpv.org\/dtl\/wp-json\/wp\/v2\/types\/post"}],"author":[{"embeddable":true,"href":"https:\/\/www.cdlpv.org\/dtl\/wp-json\/wp\/v2\/users\/2"}],"replies":[{"embeddable":true,"href":"https:\/\/www.cdlpv.org\/dtl\/wp-json\/wp\/v2\/comments?post=2109"}],"version-history":[{"count":0,"href":"https:\/\/www.cdlpv.org\/dtl\/wp-json\/wp\/v2\/posts\/2109\/revisions"}],"wp:attachment":[{"href":"https:\/\/www.cdlpv.org\/dtl\/wp-json\/wp\/v2\/media?parent=2109"}],"wp:term":[{"taxonomy":"category","embeddable":true,"href":"https:\/\/www.cdlpv.org\/dtl\/wp-json\/wp\/v2\/categories?post=2109"},{"taxonomy":"post_tag","embeddable":true,"href":"https:\/\/www.cdlpv.org\/dtl\/wp-json\/wp\/v2\/tags?post=2109"}],"curies":[{"name":"wp","href":"https:\/\/api.w.org\/{rel}","templated":true}]}}