{"id":2105,"date":"2011-04-13T20:30:48","date_gmt":"2011-04-13T19:30:48","guid":{"rendered":"http:\/\/www.cdlpv.org\/dtl\/?p=2105"},"modified":"2011-04-13T20:30:48","modified_gmt":"2011-04-13T19:30:48","slug":"cares-i-ulls-en-la-xarxa","status":"publish","type":"post","link":"https:\/\/www.cdlpv.org\/dtl\/2011\/04\/13\/cares-i-ulls-en-la-xarxa\/","title":{"rendered":"Cares i ulls en la xarxa"},"content":{"rendered":"<caption id=\"aci\" align=\"alignright\" width=\"219\" caption=\"Amb cara i ulls\"><a href=\"http:\/\/www.verkami.com\/projects\/18-amb-cara-i-ulls-diccionari-de-dites-i-refranys-sobre-l-ull\"><img loading=\"lazy\" decoding=\"async\" alt=\"Amb cara i ulls\" src=\"http:\/\/2.bp.blogspot.com\/-LRwzziXVbyw\/TWE7ZWI0exI\/AAAAAAAAAJI\/JVc2zlUt7yM\/s320\/Portada002.jpg\" title=\"Amb cara i ulls\" width=\"219\" height=\"320\" \/><\/a><\/caption>\n<p>La xarxa ens ens ha perm\u00e9s co&#320;laborar en una iniciativa innovadora ben important com \u00e9s la publicaci\u00f3 a trav\u00e9s del mecenatge organitzat per <a href=\"http:\/\/www.verkami.com\/\" target=\"_blank\">Verkami<\/a> del llibre de V\u00edctor P\u00e0mies i Riudor <em>Amb cara i ulls<\/em>. L&#8217;autor comenta:<\/p>\n<blockquote><p>\nJa han passat gaireb\u00e9 dos mesos des del tancament exit\u00f3s del meu projecte d&#8217;autopublicaci\u00f3 d&#8217;un diccionari amb dites sobre l&#8217;ull, Amb <em>cara i ulls<\/em>, a trav\u00e9s de Verkami i arriba l&#8217;hora de comen\u00e7ar a complir els meus compromisos.<\/p>\n<p>El llibre ja \u00e9s una realitat, ja tinc les caixes a casa i estic comen\u00e7ant la distribuci\u00f3, en m\u00e0, als qui us conec personalment i la dist\u00e0ncia no \u00e9s un problema, o a trav\u00e9s del correu postal, als qui sou m\u00e9s lluny o no hi ha possibilitats de veure&#8217;ns en aquests moments.<\/p>\n<p>Una altra opci\u00f3 \u00e9s que us els pugui lliurar en alguns dels actes de presentaci\u00f3 que estic organitzant. \u00c9s un calendari obert i, dins de les meves possibilitats, es pot ampliar all\u00e0 on hi hagi una opci\u00f3 real de fer una presentaci\u00f3 organitzada. Contacteu-me i parlem-ne.<\/p>\n<p>De moment, amb un calendari m\u00e9s o menys fix (poden haver-hi encara variacions), hi ha previstes aquestes presentacions:<\/p>\n<blockquote>\n<ul>\n<li> 13 d&#8217;abril de 2011. Vallromanes (Casal de Vallromanes) A les 20.00 h\n<li> 17 d&#8217;abril de 2011. Marata (Vall\u00e8s Oriental). Signatura de llibres al mat\u00ed\n<li> 23 d&#8217;abril de 2011. Vallromanes. Signatura de llibres tot el dia\n<li> 28 d&#8217;abril de 2011. Vilanova del Vall\u00e8s (Biblioteca Contravent). A les 19.00 h.\n<li> 21 de maig de 2011. Val\u00e8ncia (Ca Revolta) Al vespre.\n<li> 1 de juny de 2011. Barcelona (seu d&#8217;\u00d2mnium Cultural). A les 19.00 h (ho intentarem avan\u00e7ar a algun altre dimecres de maig)\n<li> 10 de juny de 2011. Riudoms (Centre d&#8217;Estudis Riudomencs Arnau de Palomar). A les 20.00 h\n<\/ul>\n<\/blockquote>\n<\/blockquote>\n<p>Segons explica Rosa Lizandra en el seu <a href=\"http:\/\/mesverdesenmaduren.blogspot.com\/2011\/02\/amb-cara-i-ulls.html\" target=\"blank\">bloc<\/a>:<\/p>\n<blockquote><p>\nLa difusi\u00f3 s\u2019ha fet per Internet, a trav\u00e9s del <a href=\"http:\/\/vpamies.blogspot.com\/\" target=\"_blank\">bloc<\/a> de l\u2019autor, del seu <a href=\"\" target=\"_blank\">perfil<\/a> i p\u00e0gina de <a href=\"http:\/\/www.facebook.com\/pages\/Paremiologia-catalana\/305176446728?v=wall\" target=\"_blank\">paremiologia<\/a> a Facebook, del Twitter i dels seguidors de l\u2019estudi que l\u2019autor t\u00e9 del \u00ab<a href=\"http:\/\/vpamies.blogspot.com\/p\/top-ten-dels-refranys-catalans.html\" target=\"_blank\">Top Ten<\/a> dels refranys catalans a l&#8217;actualitat\u00bb, determinat a trav\u00e9s de 1.200 enquestes fetes a trav\u00e9s d&#8217;Internet. La resposta dels seguidors, que nom\u00e9s coneixen l\u2019obra de paremiologia de l\u2019autor per Internet, ha estat positiva i en menys temps del previst s\u2019han recaptat els fons necessaris per tirar endavant el projecte.\n<\/p><\/blockquote>\n","protected":false},"excerpt":{"rendered":"<p>La xarxa ens ens ha perm\u00e9s co&#320;laborar en una iniciativa innovadora ben important com \u00e9s la publicaci\u00f3 a trav\u00e9s del mecenatge organitzat per Verkami del llibre de V\u00edctor P\u00e0mies i Riudor Amb cara i ulls. L&#8217;autor comenta: Ja han passat gaireb\u00e9 dos mesos des del tancament exit\u00f3s del meu projecte d&#8217;autopublicaci\u00f3 d&#8217;un diccionari amb dites [&hellip;]<\/p>\n","protected":false},"author":2,"featured_media":0,"comment_status":"open","ping_status":"open","sticky":false,"template":"","format":"standard","meta":{"footnotes":""},"categories":[2,5,10,1,22],"tags":[163,406],"class_list":["post-2105","post","type-post","status-publish","format-standard","hentry","category-comunicacio","category-edicio","category-formacio","category-general","category-recerca","tag-editorials","tag-refranys"],"_links":{"self":[{"href":"https:\/\/www.cdlpv.org\/dtl\/wp-json\/wp\/v2\/posts\/2105","targetHints":{"allow":["GET"]}}],"collection":[{"href":"https:\/\/www.cdlpv.org\/dtl\/wp-json\/wp\/v2\/posts"}],"about":[{"href":"https:\/\/www.cdlpv.org\/dtl\/wp-json\/wp\/v2\/types\/post"}],"author":[{"embeddable":true,"href":"https:\/\/www.cdlpv.org\/dtl\/wp-json\/wp\/v2\/users\/2"}],"replies":[{"embeddable":true,"href":"https:\/\/www.cdlpv.org\/dtl\/wp-json\/wp\/v2\/comments?post=2105"}],"version-history":[{"count":0,"href":"https:\/\/www.cdlpv.org\/dtl\/wp-json\/wp\/v2\/posts\/2105\/revisions"}],"wp:attachment":[{"href":"https:\/\/www.cdlpv.org\/dtl\/wp-json\/wp\/v2\/media?parent=2105"}],"wp:term":[{"taxonomy":"category","embeddable":true,"href":"https:\/\/www.cdlpv.org\/dtl\/wp-json\/wp\/v2\/categories?post=2105"},{"taxonomy":"post_tag","embeddable":true,"href":"https:\/\/www.cdlpv.org\/dtl\/wp-json\/wp\/v2\/tags?post=2105"}],"curies":[{"name":"wp","href":"https:\/\/api.w.org\/{rel}","templated":true}]}}