{"id":2098,"date":"2011-04-11T08:18:39","date_gmt":"2011-04-11T07:18:39","guid":{"rendered":"http:\/\/www.cdlpv.org\/dtl\/?p=2098"},"modified":"2011-04-11T08:18:39","modified_gmt":"2011-04-11T07:18:39","slug":"la-negociacio-collectiva-no-sexista","status":"publish","type":"post","link":"https:\/\/www.cdlpv.org\/dtl\/2011\/04\/11\/la-negociacio-collectiva-no-sexista\/","title":{"rendered":"La negociaci\u00f3 co\u0140lectiva no sexista"},"content":{"rendered":"<p>Joan Vilarnau ens envia a trav\u00e9s d&#8217;Infoz\u00e8fir la informaci\u00f3 seg\u00fcent:<\/p>\n<blockquote>\n<h2>Guia de bones pr\u00e0ctiques per a l\u2019\u00fas d\u2019un llenguatge no sexista en la negociaci\u00f3 co&#320;lectiva<\/h2>\n<p>Ens plau presentar-vos la <em>Guia de bones pr\u00e0ctiques per a l\u2019\u00fas d\u2019un llenguatge no sexista en la negociaci\u00f3 co&#320;lectiva<\/em>, que \u00e9s un exhaustiu treball que posa a l\u2019abast de tothom les eines i els recursos per a la utilitzaci\u00f3 d\u2019un llenguatge no discriminatori que contribueixi a fer cada cop m\u00e9s visible, m\u00e9s igualit\u00e0ria i m\u00e9s justa la realitat femenina en el m\u00f3n del treball.<\/p>\n<p>Presentem la guia en un context en qu\u00e8 el sindicalisme confederal, a trav\u00e9s del di\u00e0leg social, enceta una negociaci\u00f3 amb la patronal de reforma de la negociaci\u00f3 co&#320;lectiva amb l\u2019objectiu d\u2019exercir el nostre poder contractual; ens interessa especialment que la nostra for\u00e7a sigui m\u00e9s eficient i m\u00e9s \u00fatil per a tots i totes per preservar les conquestes socials aconseguides i per continuar millorant les condicions i els drets laborals del conjunt de treballadores i treballadors.<\/p>\n<p>Podeu consultar la guia al web de la Secretaria de la Dona i al <a href=\"http:\/\/sl.ccoo.cat\/portal\/pls\/portal\/ANONYMOUS.PD_UNA_ACTUALITAT.show?p_arg_names=pclau&#038;p_arg_values=134948\" target=\"_blank\">web<\/a> del Servei Ling\u00fc\u00edstic de <span class=\"versaleta\">cc&nbsp;oo<\/span> de Catalunya, on tamb\u00e9 trobareu m\u00e9s eines i recursos per treballar en catal\u00e0,<\/p>\n<p>Font: Secretaria de Formacio Sindical i Cultura. <span class=\"versaleta\"><em>cc&nbsp;oo<\/em><\/span> de Catalunya<br \/>\nA\/e: <a href=\"mailto:cultura@ccoo.cat\" target=\"_blank\"><em>cultura@ccoo.cat<\/em><\/a>\n<\/p><\/blockquote>\n","protected":false},"excerpt":{"rendered":"<p>Joan Vilarnau ens envia a trav\u00e9s d&#8217;Infoz\u00e8fir la informaci\u00f3 seg\u00fcent: Guia de bones pr\u00e0ctiques per a l\u2019\u00fas d\u2019un llenguatge no sexista en la negociaci\u00f3 co&#320;lectiva Ens plau presentar-vos la Guia de bones pr\u00e0ctiques per a l\u2019\u00fas d\u2019un llenguatge no sexista en la negociaci\u00f3 co&#320;lectiva, que \u00e9s un exhaustiu treball que posa a l\u2019abast de tothom [&hellip;]<\/p>\n","protected":false},"author":2,"featured_media":0,"comment_status":"open","ping_status":"open","sticky":false,"template":"","format":"standard","meta":{"footnotes":""},"categories":[3,1,15,26],"tags":[303,438,441],"class_list":["post-2098","post","type-post","status-publish","format-standard","hentry","category-documentacio","category-general","category-laboral","category-serveis-linguistics","tag-masclisme","tag-sexisme","tag-sindicats"],"_links":{"self":[{"href":"https:\/\/www.cdlpv.org\/dtl\/wp-json\/wp\/v2\/posts\/2098","targetHints":{"allow":["GET"]}}],"collection":[{"href":"https:\/\/www.cdlpv.org\/dtl\/wp-json\/wp\/v2\/posts"}],"about":[{"href":"https:\/\/www.cdlpv.org\/dtl\/wp-json\/wp\/v2\/types\/post"}],"author":[{"embeddable":true,"href":"https:\/\/www.cdlpv.org\/dtl\/wp-json\/wp\/v2\/users\/2"}],"replies":[{"embeddable":true,"href":"https:\/\/www.cdlpv.org\/dtl\/wp-json\/wp\/v2\/comments?post=2098"}],"version-history":[{"count":0,"href":"https:\/\/www.cdlpv.org\/dtl\/wp-json\/wp\/v2\/posts\/2098\/revisions"}],"wp:attachment":[{"href":"https:\/\/www.cdlpv.org\/dtl\/wp-json\/wp\/v2\/media?parent=2098"}],"wp:term":[{"taxonomy":"category","embeddable":true,"href":"https:\/\/www.cdlpv.org\/dtl\/wp-json\/wp\/v2\/categories?post=2098"},{"taxonomy":"post_tag","embeddable":true,"href":"https:\/\/www.cdlpv.org\/dtl\/wp-json\/wp\/v2\/tags?post=2098"}],"curies":[{"name":"wp","href":"https:\/\/api.w.org\/{rel}","templated":true}]}}