{"id":2094,"date":"2011-04-08T08:06:45","date_gmt":"2011-04-08T07:06:45","guid":{"rendered":"http:\/\/www.cdlpv.org\/dtl\/?p=2094"},"modified":"2011-04-08T08:06:45","modified_gmt":"2011-04-08T07:06:45","slug":"2094","status":"publish","type":"post","link":"https:\/\/www.cdlpv.org\/dtl\/2011\/04\/08\/2094\/","title":{"rendered":"Mapa de centres amb l\u00ednia en valenci\u00e0"},"content":{"rendered":"<caption id=\"\" align=\"alignright\" width=\"196\" caption=\"El Tempir d&#039;Elx\"><a href=\"http:\/\/www.eltempir.cat\/ca\/2011\/03\/29\/el-tempir-crea-la-2a-versio-del-mapa-de-centres-amb-linia-en-valencia-sobre-google-maps\/\"><img loading=\"lazy\" decoding=\"async\" alt=\"El Tempir d&#039;Elx\" src=\"http:\/\/www.eltempir.cat\/wp-content\/themes\/ElTempirCat\/images\/capa_logo.gif\" title=\"El Tempir\" width=\"196\" height=\"273\" \/><\/a><\/caption>\n<p>El Tempir d&#8217;Elx ens envia la informaci\u00f3 seg\u00fcent:<\/p>\n<blockquote>\n<h2>El Tempir crea la 2a versi\u00f3 del mapa de centres amb l\u00ednia en valenci\u00e0 sobre Google Maps<\/h2>\n<p>L\u2019Associaci\u00f3 C\u00edvica per la Llengua El Tempir d\u2019Elx va llan\u00e7ar fa un any una guia de centres educatius, desenvolupat sobre l\u2019eina Google Maps, que permetia que qualsevol pare o mare, que volguera matricular el seu fill o la seua filla en una escola o institut al Pa\u00eds Valenci\u00e0, sabera quina era l\u2019oferta educativa en programes d\u2019educaci\u00f3 biling\u00fce que oferien els centres m\u00e9s pr\u00f2xims al seu domicili. Aquesta primera versi\u00f3 era ben senzilla perqu\u00e8 tan sols seleccionant la comarca i la poblaci\u00f3 del Pa\u00eds Valenci\u00e0 que es desitjava se sabia quina era l\u2019oferta en valenci\u00e0 de tots els centres que apareixien en el mapa generat. Ara El Tempir presenta la <a href=\"http:\/\/www.eltempir.cat\/ca\/ensenyament\/mapa\/\" target=\"_blank\">segona versi\u00f3<\/a> del mapa de centres amb l\u00ednia en valenci\u00e0  (o amb programa biling\u00fce) sobre Google Maps justament quan \u00e9s a punt de comen\u00e7ar la campanya de matriculaci\u00f3 en Prim\u00e0ria. I m\u00e9s tard, en Secund\u00e0ria.\n<\/p><\/blockquote>\n","protected":false},"excerpt":{"rendered":"<p>El Tempir d&#8217;Elx ens envia la informaci\u00f3 seg\u00fcent: El Tempir crea la 2a versi\u00f3 del mapa de centres amb l\u00ednia en valenci\u00e0 sobre Google Maps L\u2019Associaci\u00f3 C\u00edvica per la Llengua El Tempir d\u2019Elx va llan\u00e7ar fa un any una guia de centres educatius, desenvolupat sobre l\u2019eina Google Maps, que permetia que qualsevol pare o mare, [&hellip;]<\/p>\n","protected":false},"author":2,"featured_media":0,"comment_status":"open","ping_status":"open","sticky":false,"template":"","format":"standard","meta":{"footnotes":""},"categories":[45,10,1],"tags":[68,164],"class_list":["post-2094","post","type-post","status-publish","format-standard","hentry","category-ensenyament","category-formacio","category-general","tag-associacions","tag-educacio"],"_links":{"self":[{"href":"https:\/\/www.cdlpv.org\/dtl\/wp-json\/wp\/v2\/posts\/2094","targetHints":{"allow":["GET"]}}],"collection":[{"href":"https:\/\/www.cdlpv.org\/dtl\/wp-json\/wp\/v2\/posts"}],"about":[{"href":"https:\/\/www.cdlpv.org\/dtl\/wp-json\/wp\/v2\/types\/post"}],"author":[{"embeddable":true,"href":"https:\/\/www.cdlpv.org\/dtl\/wp-json\/wp\/v2\/users\/2"}],"replies":[{"embeddable":true,"href":"https:\/\/www.cdlpv.org\/dtl\/wp-json\/wp\/v2\/comments?post=2094"}],"version-history":[{"count":0,"href":"https:\/\/www.cdlpv.org\/dtl\/wp-json\/wp\/v2\/posts\/2094\/revisions"}],"wp:attachment":[{"href":"https:\/\/www.cdlpv.org\/dtl\/wp-json\/wp\/v2\/media?parent=2094"}],"wp:term":[{"taxonomy":"category","embeddable":true,"href":"https:\/\/www.cdlpv.org\/dtl\/wp-json\/wp\/v2\/categories?post=2094"},{"taxonomy":"post_tag","embeddable":true,"href":"https:\/\/www.cdlpv.org\/dtl\/wp-json\/wp\/v2\/tags?post=2094"}],"curies":[{"name":"wp","href":"https:\/\/api.w.org\/{rel}","templated":true}]}}