{"id":209,"date":"2007-10-25T16:50:49","date_gmt":"2007-10-25T15:50:49","guid":{"rendered":"http:\/\/www.cdlpv.org\/dtl\/?p=209"},"modified":"2007-10-25T16:50:49","modified_gmt":"2007-10-25T15:50:49","slug":"la-comissio-europea-en-catala-per-internet","status":"publish","type":"post","link":"https:\/\/www.cdlpv.org\/dtl\/2007\/10\/25\/la-comissio-europea-en-catala-per-internet\/","title":{"rendered":"La Comissi\u00f3 Europea en catal\u00e0 per Internet"},"content":{"rendered":"<p><img decoding=\"async\" id=\"image208\" height=180 alt=\"La UE en catal\u00e0\" src=\"http:\/\/www.cdlpv.org\/dtl\/wp-content\/uecat.jpg\" align=\"right\"\/><br \/>\nSegons he sentit hui en el Telenot\u00edcies Migdia de TV3, hi ha un web de la Comissi\u00f3 de la Uni\u00f3 Europea en catal\u00e0. De m\u00e9s verdes en maduren, que diuen al meu poble, i eixa no era la m\u00e9s verda, certament, que les tenim m\u00e9s a prop. Una inquietud, per\u00f2: \u00bfper qu\u00e8 no hi apareix el Pa\u00eds Valenci\u00e0? Francisco Camps i companyia, naturalment, tenen la resposta, i m\u00e9s val no sentir-la.<\/p>\n<p>Segons el web de <a href=\"http:\/\/www.noticies.cat\/pnoticies\/notItem.jsp?item=noticia&#038;idint=224538\" target=\"_blank\">TV3<\/a>, que cita l&#8217;<a href=\"http:\/\/www.noticies.net\/webACN\/index.do\" target=\"_blank\">ACN<\/a> (Ag\u00e8ncia Catalana de Not\u00edcies):<\/p>\n<blockquote><p>\nEl catal\u00e0 \u00e9s la primera llengua no oficial de la UE que t\u00e9 una p\u00e0gina web de la Comissi\u00f3 Europea: <a href=\"http:\/\/ec.europa.eu\/spain\/barcelona\/index_ca.htm\" target=\"_blank\">ec.europa.eu\/spain\/barcelona<\/a>.<\/p>\n<p>Brussel\u00b7les nom\u00e9s havia acceptat, fins ara, traduir al catal\u00e0 algunes not\u00edcies del portal de la Comissi\u00f3 i obrir un f\u00f2rum d&#8217;opini\u00f3 als comentaris en llengua catalana. Des d&#8217;aquest dijous, per\u00f2, la representaci\u00f3 de la Comissi\u00f3 a Barcelona disposa del seu propi espai web \u00edntegrament en catal\u00e0, actualitzat de forma permanent i amb not\u00edcies i informaci\u00f3.<\/p>\n<p>Com estudiar o treballar a la Uni\u00f3 Europea, quins projectes s&#8217;han finan\u00e7at amb fons europeus a Catalunya i les Illes Balears o quina \u00e9s la situaci\u00f3 del catal\u00e0 a la UE s\u00f3n algunes de les preguntes que respon la web que han presentat aquest dijous el director de la representaci\u00f3 de la Comissi\u00f3 a Barcelona, Manel Cam\u00f3s, i la periodista Laura Rahola.\n<\/p><\/blockquote>\n","protected":false},"excerpt":{"rendered":"<p>Segons he sentit hui en el Telenot\u00edcies Migdia de TV3, hi ha un web de la Comissi\u00f3 de la Uni\u00f3 Europea en catal\u00e0. De m\u00e9s verdes en maduren, que diuen al meu poble, i eixa no era la m\u00e9s verda, certament, que les tenim m\u00e9s a prop. Una inquietud, per\u00f2: \u00bfper qu\u00e8 no hi apareix [&hellip;]<\/p>\n","protected":false},"author":2,"featured_media":0,"comment_status":"open","ping_status":"open","sticky":false,"template":"","format":"standard","meta":{"footnotes":""},"categories":[2,4,1,47,19,26,35],"tags":[],"class_list":["post-209","post","type-post","status-publish","format-standard","hentry","category-comunicacio","category-dret","category-general","category-planificacio","category-politica","category-serveis-linguistics","category-unio-europea"],"_links":{"self":[{"href":"https:\/\/www.cdlpv.org\/dtl\/wp-json\/wp\/v2\/posts\/209","targetHints":{"allow":["GET"]}}],"collection":[{"href":"https:\/\/www.cdlpv.org\/dtl\/wp-json\/wp\/v2\/posts"}],"about":[{"href":"https:\/\/www.cdlpv.org\/dtl\/wp-json\/wp\/v2\/types\/post"}],"author":[{"embeddable":true,"href":"https:\/\/www.cdlpv.org\/dtl\/wp-json\/wp\/v2\/users\/2"}],"replies":[{"embeddable":true,"href":"https:\/\/www.cdlpv.org\/dtl\/wp-json\/wp\/v2\/comments?post=209"}],"version-history":[{"count":0,"href":"https:\/\/www.cdlpv.org\/dtl\/wp-json\/wp\/v2\/posts\/209\/revisions"}],"wp:attachment":[{"href":"https:\/\/www.cdlpv.org\/dtl\/wp-json\/wp\/v2\/media?parent=209"}],"wp:term":[{"taxonomy":"category","embeddable":true,"href":"https:\/\/www.cdlpv.org\/dtl\/wp-json\/wp\/v2\/categories?post=209"},{"taxonomy":"post_tag","embeddable":true,"href":"https:\/\/www.cdlpv.org\/dtl\/wp-json\/wp\/v2\/tags?post=209"}],"curies":[{"name":"wp","href":"https:\/\/api.w.org\/{rel}","templated":true}]}}