{"id":2086,"date":"2011-04-06T10:53:30","date_gmt":"2011-04-06T09:53:30","guid":{"rendered":"http:\/\/www.cdlpv.org\/dtl\/?p=2086"},"modified":"2011-04-06T10:53:30","modified_gmt":"2011-04-06T09:53:30","slug":"mes-sentencies-contra-el-govern-de-francisco-camps","status":"publish","type":"post","link":"https:\/\/www.cdlpv.org\/dtl\/2011\/04\/06\/mes-sentencies-contra-el-govern-de-francisco-camps\/","title":{"rendered":"M\u00e9s sent\u00e8ncies contra el govern de Francisco Camps"},"content":{"rendered":"<p>El Tribunal Suprem espanyol desestima els recursos del cassaci\u00f3 de la Generalitat valenciana contra les sent\u00e8ncies del Tribunal Superior de Just\u00edcia de la Comunitat Valenciana que donaven la ra\u00f3 a l&#8217;<span class=\"versaleta\">stepv<\/span> pel que fa a l&#8217;obligatorietat d&#8217;acceptar la validesa del la titulaci\u00f3 de filologia catalana. Segons el mateix sindicat <a href=\"http:\/\/www.intersindical.org\/stepv\/ensenya\/notespremsa1.htm#110401\" target=\"_blank\">(nota de premsa)<\/a>:<\/p>\n<blockquote>\n<h2>El Tribunal Suprem humilia el govern valenci\u00e0 i li recrimina els recursos contra Filologia Catalana<\/h2>\n<h3>El Suprem condemna la Generalitat a 3.000 euros de costes i li retrau que els seus recursos contra Filologia Catalana ni s\u2019haurien d\u2019haver adm\u00e8s a tr\u00e0mit<\/h3>\n<p>Dues noves sent\u00e8ncies del Tribunal Suprem (sent\u00e8ncies de 4 de mar\u00e7 de 2011 recaigudes en els recursos de cassaci\u00f3 n\u00fam. 4640\/2009 i 5452\/2009) tornen a recon\u00e8ixer, d&#8217;una banda, la validesa del t\u00edtol de Filologia Catalana per a acreditar els coneixements de valenci\u00e0 en les oposicions de professors i mestres i, de l&#8217;altra, la legalitat del nom de llengua catalana per a referir-se a la llengua pr\u00f2pia del Pa\u00eds Valenci\u00e0.<\/p>\n<p>Aquesta equival\u00e8ncia ja ha estat reconeguda per totes les inst\u00e0ncies judicials possibles: el Tribunal Constitucional, el Tribunal Superior de Just\u00edcia valenci\u00e0 i tamb\u00e9 pel Tribunal Suprem, que \u00e9s qui ha dictat aquest dues darreres sent\u00e8ncies i que confirmem les anteriors del Tribunal Superior de Just\u00edcia valenci\u00e0 que la Generalitat Valenciana havia recorregut perqu\u00e8 les havia perdudes.<\/p>\n[&#8230;]\n<p>El trist resum d&#8217;aquest fugida cap endavant del Govern Valenci\u00e0 \u00e9s que ha perdut 37 sent\u00e8ncies de totes les inst\u00e0ncies possibles, la majoria corresponents als governs presidits pel Sr. Francisco Camps i que nom\u00e9s per aquests afers s&#8217;han hagut de pagar 21.000 euros de costes, que no han eixit de les butxaques del seus vestits sin\u00f3 de tots els contribuents valencians.<\/p>\n<p>L&#8217;<span class=\"versaleta\">stepv<\/span> demana que el Sr. Camps pague dels seus diners aquestes costes provocades pel seu Govern per raons d\u2019inter\u00e8s pol\u00edtic partidista o personal, com es dedueix de les sent\u00e8ncies del Tribunal Suprem.\n<\/p><\/blockquote>\n","protected":false},"excerpt":{"rendered":"<p>El Tribunal Suprem espanyol desestima els recursos del cassaci\u00f3 de la Generalitat valenciana contra les sent\u00e8ncies del Tribunal Superior de Just\u00edcia de la Comunitat Valenciana que donaven la ra\u00f3 a l&#8217;stepv pel que fa a l&#8217;obligatorietat d&#8217;acceptar la validesa del la titulaci\u00f3 de filologia catalana. Segons el mateix sindicat (nota de premsa): El Tribunal Suprem [&hellip;]<\/p>\n","protected":false},"author":2,"featured_media":0,"comment_status":"open","ping_status":"open","sticky":false,"template":"","format":"standard","meta":{"footnotes":""},"categories":[36,45,1,14,33],"tags":[435,500],"class_list":["post-2086","post","type-post","status-publish","format-standard","hentry","category-allofobia","category-ensenyament","category-general","category-jurisprudencia","category-ts","tag-sentencies","tag-universitats"],"_links":{"self":[{"href":"https:\/\/www.cdlpv.org\/dtl\/wp-json\/wp\/v2\/posts\/2086","targetHints":{"allow":["GET"]}}],"collection":[{"href":"https:\/\/www.cdlpv.org\/dtl\/wp-json\/wp\/v2\/posts"}],"about":[{"href":"https:\/\/www.cdlpv.org\/dtl\/wp-json\/wp\/v2\/types\/post"}],"author":[{"embeddable":true,"href":"https:\/\/www.cdlpv.org\/dtl\/wp-json\/wp\/v2\/users\/2"}],"replies":[{"embeddable":true,"href":"https:\/\/www.cdlpv.org\/dtl\/wp-json\/wp\/v2\/comments?post=2086"}],"version-history":[{"count":0,"href":"https:\/\/www.cdlpv.org\/dtl\/wp-json\/wp\/v2\/posts\/2086\/revisions"}],"wp:attachment":[{"href":"https:\/\/www.cdlpv.org\/dtl\/wp-json\/wp\/v2\/media?parent=2086"}],"wp:term":[{"taxonomy":"category","embeddable":true,"href":"https:\/\/www.cdlpv.org\/dtl\/wp-json\/wp\/v2\/categories?post=2086"},{"taxonomy":"post_tag","embeddable":true,"href":"https:\/\/www.cdlpv.org\/dtl\/wp-json\/wp\/v2\/tags?post=2086"}],"curies":[{"name":"wp","href":"https:\/\/api.w.org\/{rel}","templated":true}]}}