{"id":2079,"date":"2011-04-02T08:19:56","date_gmt":"2011-04-02T07:19:56","guid":{"rendered":"http:\/\/www.cdlpv.org\/dtl\/?p=2079"},"modified":"2011-04-02T08:19:56","modified_gmt":"2011-04-02T07:19:56","slug":"jqcv-sha-obert-el-termini-de-matricula","status":"publish","type":"post","link":"https:\/\/www.cdlpv.org\/dtl\/2011\/04\/02\/jqcv-sha-obert-el-termini-de-matricula\/","title":{"rendered":"JQCV: s&#8217;ha obert el termini de matr\u00edcula"},"content":{"rendered":"<p>Immaculada Cerd\u00e0 ens envia a trav\u00e9s de la llista de la Taula de Filologia Valenciana la informaci\u00f3 seg\u00fcent sobre la <a href=\"http:\/\/www.edu.gva.es\/polin\/val\/jqcv\/proves_calendari_matricula.html\" target=\"_blank\">Junta Qualificadora de Coneixements de Valenci\u00e0<\/a>:<\/p>\n<blockquote>\n<h2>S&#8217;ha obert novament el termini de matriculaci\u00f3 de la Junta Qualificadora de Coneixements de Valenci\u00e0<\/h2>\n<p>El per\u00edode \u00e9s de l&#8217;1 al 26 d&#8217;abril inclusivament. Si feu la matriculaci\u00f3 telem\u00e0tica, amb pagament per via telem\u00e0tica, tindreu una bonificaci\u00f3 del 10 per cent.<\/p>\n<h3>Calendari de les proves:<\/h3>\n<p><strong>Dia 28 de maig de 2011:<\/strong><br \/>\n\u2013 Certificat de coneixements orals.<br \/>\n\u2013 \u00c0rees 1 i 2 del certificat de grau mitj\u00e0.<\/p>\n<p><strong>Dia 4 de juny de 2011:<\/strong><br \/>\n\u2013 Certificat de grau elemental.<br \/>\n\u2013 \u00c0rees 1 i 2 del certificat de grau superior.<br \/>\n\u2013 Certificat de llenguatge en els mitjans de comunicaci\u00f3.<\/p>\n<p><strong>Dia 11 de juny de 2011:<\/strong><br \/>\n\u2013 \u00c0rees 3 i 4 del certificat de grau mitj\u00e0.<br \/>\n\u2013 Certificat de llenguatge administratiu.<\/p>\n<p><strong>Dia 18 de juny de 2011:<\/strong><br \/>\n\u2013 \u00c0rees 3 i 4 del certificat de grau superior.<br \/>\n\u2013 Certificat de correcci\u00f3 de textos.<\/p>\n<p><strong>NOVETATS IMPORTANTS<\/strong><\/p>\n<p>1. Les proves de coneixements orals, de grau elemental i dels certificats de capacitaci\u00f3 t\u00e8cnica es realitzaran cada una en una \u00fanica jornada.<\/p>\n<p>2. Les proves de grau mitj\u00e0 i de grau superior es realitzaran en dos fases. En la primera fase s\u2019avaluaran els continguts de les \u00e0rees 1 i 2 (les de tipus test). En la segona, s\u2019avaluaran els continguts de les \u00e0rees 3 i 4 (redacci\u00f3, dictat i expressi\u00f3 oral). Nom\u00e9s podran realitzar la segona fase els aspirants que hagen superat la primera fase.<\/p>\n<p>En les proves de grau mitj\u00e0 i de grau superior, els aspirants que no superen el 40nbsp% en la mitjana ponderada de les dos \u00e0rees de la primera fase no podran continuar en la segona fase. Aix\u00ed mateix, no podran continuar tampoc en la segona fase els aspirants que no hagen obtingut un m\u00ednim d\u2019un 30&nbsp;% en alguna de les dos \u00e0rees de la primera fase.<\/p>\n<p>4. Al llarg de la setmana seg\u00fcent de la realitzaci\u00f3 de les proves, la Junta Qualificadora de Coneixements de Valenci\u00e0 publicar\u00e0 en el web <a href=\"http:\/\/www.edu.gva.es\/polin\/val\/jqcv\/\" target=\"_blank\"><em>www.edu.gva.es\/jqcv<\/em><\/a> els resultats dels aspirants que s\u2019han examinat de les \u00e0rees 1 i 2 de les proves de grau mitj\u00e0 i de grau superior. Els aspirants que no hagen superat els criteris expressats en el punt anterior seran qualificats com a no aptes.<\/p>\n<p>I tamb\u00e9 us recordem que l&#8217;\u00c0rea de Formaci\u00f3 de la Diputaci\u00f3 de Val\u00e8ncia organitza, tant en el Pla de Formaci\u00f3 Cont\u00ednua com en Interna, cursos encaminats a superar estes proves. Podeu trobar m\u00e9s informaci\u00f3 en: <a href=\"http:\/\/www.dival.es\/formacion\" target=\"_blank\">http:\/\/www.dival.es\/formacion<\/a> i <a href=\"http:\/\/www.dival.es\/normalitzacio\" target=\"_blank\">www.dival.es\/normalitzacio<\/a>.<\/p>\n<p>Immaculada Cerd\u00e0 Sanchis<br \/>\nCap de la Unitat de Normalitzaci\u00f3 Ling\u00fc\u00edstica<br \/>\nDiputaci\u00f3 de Val\u00e8ncia<br \/>\nPla\u00e7a de Manises, 4 46003 Val\u00e8ncia<br \/>\nTel. 963 882 833<br \/>\nFax 963 882 834<br \/>\n<a href=\"mailtoimmaculada.cerda@dival.es:\" target=\"_blank\"><em>immaculada.cerda@dival.es<\/em><\/a><br \/>\n<a href=\"http:\/\/www.dival.es\/normalitzacio\" target=\"_blank\"><em>www.dival.es\/normalitzacio<\/em><\/a>\n<\/p><\/blockquote>\n","protected":false},"excerpt":{"rendered":"<p>Immaculada Cerd\u00e0 ens envia a trav\u00e9s de la llista de la Taula de Filologia Valenciana la informaci\u00f3 seg\u00fcent sobre la Junta Qualificadora de Coneixements de Valenci\u00e0: S&#8217;ha obert novament el termini de matriculaci\u00f3 de la Junta Qualificadora de Coneixements de Valenci\u00e0 El per\u00edode \u00e9s de l&#8217;1 al 26 d&#8217;abril inclusivament. Si feu la matriculaci\u00f3 telem\u00e0tica, [&hellip;]<\/p>\n","protected":false},"author":2,"featured_media":0,"comment_status":"open","ping_status":"open","sticky":false,"template":"","format":"standard","meta":{"footnotes":""},"categories":[10,1,13],"tags":[101],"class_list":["post-2079","post","type-post","status-publish","format-standard","hentry","category-formacio","category-general","category-jqcv","tag-certificats"],"_links":{"self":[{"href":"https:\/\/www.cdlpv.org\/dtl\/wp-json\/wp\/v2\/posts\/2079","targetHints":{"allow":["GET"]}}],"collection":[{"href":"https:\/\/www.cdlpv.org\/dtl\/wp-json\/wp\/v2\/posts"}],"about":[{"href":"https:\/\/www.cdlpv.org\/dtl\/wp-json\/wp\/v2\/types\/post"}],"author":[{"embeddable":true,"href":"https:\/\/www.cdlpv.org\/dtl\/wp-json\/wp\/v2\/users\/2"}],"replies":[{"embeddable":true,"href":"https:\/\/www.cdlpv.org\/dtl\/wp-json\/wp\/v2\/comments?post=2079"}],"version-history":[{"count":0,"href":"https:\/\/www.cdlpv.org\/dtl\/wp-json\/wp\/v2\/posts\/2079\/revisions"}],"wp:attachment":[{"href":"https:\/\/www.cdlpv.org\/dtl\/wp-json\/wp\/v2\/media?parent=2079"}],"wp:term":[{"taxonomy":"category","embeddable":true,"href":"https:\/\/www.cdlpv.org\/dtl\/wp-json\/wp\/v2\/categories?post=2079"},{"taxonomy":"post_tag","embeddable":true,"href":"https:\/\/www.cdlpv.org\/dtl\/wp-json\/wp\/v2\/tags?post=2079"}],"curies":[{"name":"wp","href":"https:\/\/api.w.org\/{rel}","templated":true}]}}