{"id":2076,"date":"2011-04-01T11:17:36","date_gmt":"2011-04-01T10:17:36","guid":{"rendered":"http:\/\/www.cdlpv.org\/dtl\/?p=2076"},"modified":"2011-04-01T11:17:36","modified_gmt":"2011-04-01T10:17:36","slug":"flaixos-sobre-jutjats-consum-i-sobre-nous-parlants-de-catala","status":"publish","type":"post","link":"https:\/\/www.cdlpv.org\/dtl\/2011\/04\/01\/flaixos-sobre-jutjats-consum-i-sobre-nous-parlants-de-catala\/","title":{"rendered":"Flaixos sobre jutjats, consum i sobre nous parlants de catal\u00e0"},"content":{"rendered":"<p><a href=\"http:\/\/www6.gencat.cat\/llengcat\/Flaixos_70\/www20.gencat.cat\/portal\/site\/Llengcat\/menuitem.08f45c9e3857090e3285bdb1b0c0e1a0\/index88fa.html\"><img loading=\"lazy\" decoding=\"async\" class=\"alignright\" title=\"Flaixos\" src=\"http:\/\/www6.gencat.cat\/llengcat\/Flaixos_70\/www20.gencat.cat\/docs\/Llengcat\/Flaixos\/Elements%20Generics\/Arxius\/flaixos.gif\" alt=\"Flaixos d'Actualitat\" width=\"150\" height=\"50\" \/><\/a><\/p>\n<p>Els <em>Flaixos d\u2019Actualitat<\/em> (<a href=\"http:\/\/www6.gencat.cat\/llengcat\/Flaixos_70\/www20.gencat.cat\/portal\/site\/Llengcat\/menuitem.08f45c9e3857090e3285bdb1b0c0e1a0\/index88fa.html\" target=\"_blank\">n\u00fam. 70<\/a>, 30.03.2011) ens envien, entre altres, les informacions seg\u00fcents:<\/p>\n<blockquote>\n<h2>\u00abNo canviem de llengua\u00bb, campanya per a l\u2019\u00fas del catal\u00e0 a la just\u00edcia<\/h2>\n<p>L\u2019Associaci\u00f3 de Juristes en Defensa de la Llengua Pr\u00f2pia <span class=\"versaleta\">(ajdlp)<\/span> ha posat en marxa la campanya \u00abNo canviem de llengua. Si vas al jutjat no canvi\u00efs de llengua\u00bb, que t\u00e9 com a objectiu fomentar l\u2019\u00fas del catal\u00e0 a l\u2019Administraci\u00f3 de just\u00edcia a Catalunya.<\/p>\n<p>Davant del fet que nom\u00e9s un 3\u00a0% de les demandes que es presenten als jutjats i un 17\u00a0% de les resolucions judicials s\u00f3n en catal\u00e0, la campanya vol informar la ciutadania sobre el dret fonamental a parlar en catal\u00e0 davant l\u2019Administraci\u00f3 de just\u00edcia. L\u2019Associaci\u00f3 facilita la documentaci\u00f3 necess\u00e0ria per donar a con\u00e8ixer els drets dels ciutadans sobre l\u2019\u00fas de la llengua i posa a la seva disposici\u00f3 els serveis informatius de <a href=\"http:\/\/nocanviemdellengua.cat\" target=\"_blank\">l\u2019entitat<\/a> davant de qualsevol dubte o aclariment.<\/p>\n<h2>Estatut valenci\u00e0 dels consumidors i usuaris<\/h2>\n<p>Les Corts Valencianes han aprovat la Llei 1\/2011, de 22 de mar\u00e7, de la Generalitat, per la qual s&#8217;aprova l&#8217;Estatut dels Consumidors i Usuaris de la Comunitat Valenciana. L\u2019article 8 porta l\u2019ep\u00edgraf \u00abDrets ling\u00fc\u00edstics\u00bb i preveu el dret dels consumidors d\u2019usar qualsevol de les lleng\u00fces oficials i el foment de l\u2019\u00fas del valenci\u00e0.<\/p>\n<p>S\u2019ha publicat al Diari Oficial de la Comunitat Valenciana n\u00fam. 6487, de 24 de mar\u00e7, i es pot consultar a: <a href=\"http:\/\/www.docv.gva.es\/datos\/2011\/03\/24\/pdf\/2011_3372.pdf\" target=\"_blank\"><em>http:\/\/www.docv.gva.es\/datos\/2011\/03\/24\/pdf\/2011_3372.pdf<\/em><\/a><\/p>\n<h2>Guia <em>El catal\u00e0 tamb\u00e9 \u00e9s meu<\/em><\/h2>\n<p>La Plataforma per la Llengua ha editat <em>El catal\u00e0 tamb\u00e9 \u00e9s meu. Guia per a nous i futurs parlants de catal\u00e0.<\/em> Aquesta publicaci\u00f3, que es pot descarregar en format <span class=\"versaleta\">pdf<\/span> des de la <a href=\"http:\/\/www.plataforma-llengua.cat\/estudis\/interior\/72\" target=\"_blank\">p\u00e0gina web<\/a> de l\u2019entitat, \u00e9s una guia biling\u00fce (en catal\u00e0 i en castell\u00e0) que exposa i argumenta els motius i les reflexions de persones que han adoptat el catal\u00e0 com a llengua d\u2019\u00fas habitual.<\/p><\/blockquote>\n","protected":false},"excerpt":{"rendered":"<p>Els Flaixos d\u2019Actualitat (n\u00fam. 70, 30.03.2011) ens envien, entre altres, les informacions seg\u00fcents: \u00abNo canviem de llengua\u00bb, campanya per a l\u2019\u00fas del catal\u00e0 a la just\u00edcia L\u2019Associaci\u00f3 de Juristes en Defensa de la Llengua Pr\u00f2pia (ajdlp) ha posat en marxa la campanya \u00abNo canviem de llengua. Si vas al jutjat no canvi\u00efs de llengua\u00bb, que [&hellip;]<\/p>\n","protected":false},"author":2,"featured_media":0,"comment_status":"open","ping_status":"open","sticky":false,"template":"","format":"standard","meta":{"footnotes":""},"categories":[2,4,7,10,1,27],"tags":[274],"class_list":["post-2076","post","type-post","status-publish","format-standard","hentry","category-comunicacio","category-dret","category-empreses","category-formacio","category-general","category-sociolinguistica","tag-legislacio"],"_links":{"self":[{"href":"https:\/\/www.cdlpv.org\/dtl\/wp-json\/wp\/v2\/posts\/2076","targetHints":{"allow":["GET"]}}],"collection":[{"href":"https:\/\/www.cdlpv.org\/dtl\/wp-json\/wp\/v2\/posts"}],"about":[{"href":"https:\/\/www.cdlpv.org\/dtl\/wp-json\/wp\/v2\/types\/post"}],"author":[{"embeddable":true,"href":"https:\/\/www.cdlpv.org\/dtl\/wp-json\/wp\/v2\/users\/2"}],"replies":[{"embeddable":true,"href":"https:\/\/www.cdlpv.org\/dtl\/wp-json\/wp\/v2\/comments?post=2076"}],"version-history":[{"count":0,"href":"https:\/\/www.cdlpv.org\/dtl\/wp-json\/wp\/v2\/posts\/2076\/revisions"}],"wp:attachment":[{"href":"https:\/\/www.cdlpv.org\/dtl\/wp-json\/wp\/v2\/media?parent=2076"}],"wp:term":[{"taxonomy":"category","embeddable":true,"href":"https:\/\/www.cdlpv.org\/dtl\/wp-json\/wp\/v2\/categories?post=2076"},{"taxonomy":"post_tag","embeddable":true,"href":"https:\/\/www.cdlpv.org\/dtl\/wp-json\/wp\/v2\/tags?post=2076"}],"curies":[{"name":"wp","href":"https:\/\/api.w.org\/{rel}","templated":true}]}}