{"id":206,"date":"2007-10-24T08:08:27","date_gmt":"2007-10-24T07:08:27","guid":{"rendered":"http:\/\/www.cdlpv.org\/dtl\/?p=206"},"modified":"2007-10-24T08:08:27","modified_gmt":"2007-10-24T07:08:27","slug":"concurs-de-tecnic-superior-en-lavl-cap-de-recursos-linguisticotecnics","status":"publish","type":"post","link":"https:\/\/www.cdlpv.org\/dtl\/2007\/10\/24\/concurs-de-tecnic-superior-en-lavl-cap-de-recursos-linguisticotecnics\/","title":{"rendered":"Concurs de t\u00e8cnic superior en l&#8217;AVL: cap de recursos ling\u00fc\u00edsticot\u00e8cnics"},"content":{"rendered":"<p>Puga ser que finalment l&#8217;<span class=\"versaleta\">avl<\/span> haja comen\u00e7at el proc\u00e9s per a donar una certa estabilitat al seu personal. Al cap dels anys i despr\u00e9s de diverses protestes de la <span class=\"versaleta\">cdlpv<\/span> per la situaci\u00f3 de precarietat en qu\u00e8 es troba el personal inter\u00ed. Encara que hagen comen\u00e7at pel lloc de lliure designaci\u00f3, esperem que continuen amb la resta de llocs que afecten els t\u00e8cnics ling\u00fc\u00edstics i que cal cobrir per concurs.<\/p>\n<p>El <span class=\"versaleta\">cidaj<\/span> ens fa arribar la informaci\u00f3 seg\u00fcent:<\/p>\n<blockquote><p>\nRESOLUCI\u00d3 de 5 d&#8217;octubre de 2007, de la Presid\u00e8ncia de l&#8217;Acad\u00e8mia Valenciana de la Llengua, per la qual es convoquen, per a la seua provisi\u00f3 pel sistema de lliure designaci\u00f3, tres llocs de treball de naturalesa funcionarial. [2007\/12412] (<span class=\"versaleta\"><em>docv<\/em><\/span> n\u00fam. 5&nbsp;620, de 17.10.2007)<br \/>\n<a href=\"http:\/\/www.pre.gva.es\/L\/BASIS\/BDLGVPU\/WEB\/LEV_LISTADOS_TEXTO\/DDW?W%3DSIGNATURA_N=12969+AND+SIGNATURA_A=2007%26R%3DN\" target=\"_blank\">&#8211; vegeu text<\/a>\n<\/p><\/blockquote>\n<p>Entre altres, es tracta del lloc d&#8217;assessorament ling\u00fc\u00edstic seg\u00fcent:<\/p>\n<blockquote><p>\nLloc de treball n\u00famero 6: Cap de la Unitat de Recursos Ling\u00fcisticot\u00e8cnics.<br \/>\nNaturalesa: Funcionarial.<br \/>\nSector: Administraci\u00f3 especial.<br \/>\nFuncions: Programar, dirigir i supervisar els treballs t\u00e8cnics encomanats pels \u00f2rgans de govern de l&#8217;Acad\u00e8mia; dirigir i coordinar els t\u00e8cnics adscrits a la Unitat de Recursos Ling\u00fcisticot\u00e8cnics.<\/p>\n<p>Requisits: Grau superior de coneixements de valenci\u00e0 de la Junta Qualificadora de Coneixements de Valenci\u00e0. Assessor ling\u00fc\u00edstic.<br \/>\nComplement de destinaci\u00f3: 30.<br \/>\nComplement espec\u00edfic: E050.<br \/>\nForma de provisi\u00f3: lliure designaci\u00f3.\n<\/p><\/blockquote>\n","protected":false},"excerpt":{"rendered":"<p>Puga ser que finalment l&#8217;avl haja comen\u00e7at el proc\u00e9s per a donar una certa estabilitat al seu personal. Al cap dels anys i despr\u00e9s de diverses protestes de la cdlpv per la situaci\u00f3 de precarietat en qu\u00e8 es troba el personal inter\u00ed. Encara que hagen comen\u00e7at pel lloc de lliure designaci\u00f3, esperem que continuen amb [&hellip;]<\/p>\n","protected":false},"author":2,"featured_media":0,"comment_status":"open","ping_status":"open","sticky":false,"template":"","format":"standard","meta":{"footnotes":""},"categories":[38,1,15,26],"tags":[],"class_list":["post-206","post","type-post","status-publish","format-standard","hentry","category-avl","category-general","category-laboral","category-serveis-linguistics"],"_links":{"self":[{"href":"https:\/\/www.cdlpv.org\/dtl\/wp-json\/wp\/v2\/posts\/206","targetHints":{"allow":["GET"]}}],"collection":[{"href":"https:\/\/www.cdlpv.org\/dtl\/wp-json\/wp\/v2\/posts"}],"about":[{"href":"https:\/\/www.cdlpv.org\/dtl\/wp-json\/wp\/v2\/types\/post"}],"author":[{"embeddable":true,"href":"https:\/\/www.cdlpv.org\/dtl\/wp-json\/wp\/v2\/users\/2"}],"replies":[{"embeddable":true,"href":"https:\/\/www.cdlpv.org\/dtl\/wp-json\/wp\/v2\/comments?post=206"}],"version-history":[{"count":0,"href":"https:\/\/www.cdlpv.org\/dtl\/wp-json\/wp\/v2\/posts\/206\/revisions"}],"wp:attachment":[{"href":"https:\/\/www.cdlpv.org\/dtl\/wp-json\/wp\/v2\/media?parent=206"}],"wp:term":[{"taxonomy":"category","embeddable":true,"href":"https:\/\/www.cdlpv.org\/dtl\/wp-json\/wp\/v2\/categories?post=206"},{"taxonomy":"post_tag","embeddable":true,"href":"https:\/\/www.cdlpv.org\/dtl\/wp-json\/wp\/v2\/tags?post=206"}],"curies":[{"name":"wp","href":"https:\/\/api.w.org\/{rel}","templated":true}]}}