{"id":2052,"date":"2011-03-25T08:25:23","date_gmt":"2011-03-25T07:25:23","guid":{"rendered":"http:\/\/www.cdlpv.org\/dtl\/?p=2052"},"modified":"2011-03-25T08:25:23","modified_gmt":"2011-03-25T07:25:23","slug":"estudi-sociolinguistic-del-consell-de-mallorca","status":"publish","type":"post","link":"https:\/\/www.cdlpv.org\/dtl\/2011\/03\/25\/estudi-sociolinguistic-del-consell-de-mallorca\/","title":{"rendered":"Estudi socioling\u00fc\u00edstic del Consell de Mallorca"},"content":{"rendered":"<p>Magdalena Ramon ens envia a trav\u00e9s d&#8217;Infoz\u00e8fir la informaci\u00f3 seg\u00fcent:<\/p>\n<blockquote><p>\nLa Direcci\u00f3 Insular de Pol\u00edtica Ling\u00fc\u00edstica presenta un estudi socioling\u00fc\u00edstic sobre la situaci\u00f3 del catal\u00e0 en l\u2019\u00e0mbit del comer\u00e7 i la restauraci\u00f3 en els municipis de sa Pobla, B\u00fager, Campanet, Son Servera, Sant Lloren\u00e7, Capdepera i Art\u00e0.<\/p>\n<p>Aquesta publicaci\u00f3 \u00e9s fruit del treball de camp que dugueren a terme un grup de becaris l\u2019any 2009, encarregats de fer les enquestes, sota la coordinaci\u00f3 i supervisi\u00f3 dels t\u00e8cnics de la secci\u00f3 de Dinamitzaci\u00f3 del Consell de Mallorca.<\/p>\n<p>El Grup de Recerca Socioling\u00fc\u00edstica de les Illes Balears (Gresib) s\u2019ha encarregat del tractament de les dades i la valoraci\u00f3. L\u2019elaboraci\u00f3 d\u2019aquest estudi s\u2019ha pogut realitzar gr\u00e0cies a la co&#320;laboraci\u00f3 dels ajuntaments en qu\u00e8 es dugueren a terme les enquestes.<\/p>\n<p>Podeu consultar <a href=\"http:\/\/www.conselldemallorca.net\/index.php?&#038;id_parent=316&#038;id_class=1851&#038;id_section=1852&#038;id_son=2238&#038;id_grandson=3020&#038;id_greatgrandson=7021\" target=\"_blank\">l\u2019estudi<\/a> en l\u00ednia al web del Consell de Mallorca.<\/p>\n<p>Secci\u00f3 de Dinamitzaci\u00f3 Ling\u00fc\u00edstica<br \/>\nDirecci\u00f3 Insular de Pol\u00edtica Ling\u00fc\u00edstica<br \/>\nDepartament de Cultura i Patrimoni<br \/>\nConsell de Mallorca<br \/>\nPl. de l&#8217;Hospital, 4<br \/>\n07012 Palma<br \/>\nTel.: 971 219 593\/595\/597<\/p>\n<p><a href=\"www.conselldemallorca.cat\" target=\"_blank\"><em>www.conselldemallorca.cat<\/em><\/a>\n<\/p><\/blockquote>\n","protected":false},"excerpt":{"rendered":"<p>Magdalena Ramon ens envia a trav\u00e9s d&#8217;Infoz\u00e8fir la informaci\u00f3 seg\u00fcent: La Direcci\u00f3 Insular de Pol\u00edtica Ling\u00fc\u00edstica presenta un estudi socioling\u00fc\u00edstic sobre la situaci\u00f3 del catal\u00e0 en l\u2019\u00e0mbit del comer\u00e7 i la restauraci\u00f3 en els municipis de sa Pobla, B\u00fager, Campanet, Son Servera, Sant Lloren\u00e7, Capdepera i Art\u00e0. Aquesta publicaci\u00f3 \u00e9s fruit del treball de camp [&hellip;]<\/p>\n","protected":false},"author":2,"featured_media":0,"comment_status":"open","ping_status":"open","sticky":false,"template":"","format":"standard","meta":{"footnotes":""},"categories":[3,1,22,27],"tags":[298],"class_list":["post-2052","post","type-post","status-publish","format-standard","hentry","category-documentacio","category-general","category-recerca","category-sociolinguistica","tag-mallorca"],"_links":{"self":[{"href":"https:\/\/www.cdlpv.org\/dtl\/wp-json\/wp\/v2\/posts\/2052","targetHints":{"allow":["GET"]}}],"collection":[{"href":"https:\/\/www.cdlpv.org\/dtl\/wp-json\/wp\/v2\/posts"}],"about":[{"href":"https:\/\/www.cdlpv.org\/dtl\/wp-json\/wp\/v2\/types\/post"}],"author":[{"embeddable":true,"href":"https:\/\/www.cdlpv.org\/dtl\/wp-json\/wp\/v2\/users\/2"}],"replies":[{"embeddable":true,"href":"https:\/\/www.cdlpv.org\/dtl\/wp-json\/wp\/v2\/comments?post=2052"}],"version-history":[{"count":0,"href":"https:\/\/www.cdlpv.org\/dtl\/wp-json\/wp\/v2\/posts\/2052\/revisions"}],"wp:attachment":[{"href":"https:\/\/www.cdlpv.org\/dtl\/wp-json\/wp\/v2\/media?parent=2052"}],"wp:term":[{"taxonomy":"category","embeddable":true,"href":"https:\/\/www.cdlpv.org\/dtl\/wp-json\/wp\/v2\/categories?post=2052"},{"taxonomy":"post_tag","embeddable":true,"href":"https:\/\/www.cdlpv.org\/dtl\/wp-json\/wp\/v2\/tags?post=2052"}],"curies":[{"name":"wp","href":"https:\/\/api.w.org\/{rel}","templated":true}]}}