{"id":2049,"date":"2011-03-24T08:39:19","date_gmt":"2011-03-24T07:39:19","guid":{"rendered":"http:\/\/www.cdlpv.org\/dtl\/?p=2049"},"modified":"2011-03-24T08:39:19","modified_gmt":"2011-03-24T07:39:19","slug":"els-deures-linguistics-municipals-en-internet","status":"publish","type":"post","link":"https:\/\/www.cdlpv.org\/dtl\/2011\/03\/24\/els-deures-linguistics-municipals-en-internet\/","title":{"rendered":"Els deures ling\u00fc\u00edstics municipals en Internet"},"content":{"rendered":"<p>El valenci\u00e0 t\u00e9 un rac\u00f3 molt important a la xarxa. De fet, la xarxa \u00e9s un espai de comunicaci\u00f3, expressi\u00f3 i llibertat enfront de les censures pol\u00edtiques a qu\u00e8 s\u00f3n tan aficionats els governs valencians, sobretot pel que fa a la creaci\u00f3 d&#8217;un espaic comunicatiu p\u00fablic en catal\u00e0. Tanmateix, els poders p\u00fablics continuen traslladants els seus prejudicis i incompliments tamb\u00e9 a eixe espai <a href=\"http:\/\/www.elpunt.cat\/noticia\/article\/2-societat\/5-societat\/381669-nomes-la-meitat-dels-webs-dels-ajuntaments-parlen-en-valencia.html\" target=\"_blank\">(<em>El Punt<\/em>, 11.03.2011)<\/a>:<\/p>\n<blockquote>\n<h2>Nom\u00e9s la meitat dels webs dels ajuntaments parlen en valenci\u00e0<\/h2>\n<h3>Un estudi revela que gaireb\u00e9 el 54% dels consistoris que tenen pres\u00e8ncia a Internet disposen de versi\u00f3 en la llengua pr\u00f2pia<\/h3>\n<h3>S&#8217;avan\u00e7a a la xarxa per\u00f2 de manera \u00abprec\u00e0ria\u00bb i \u00ablenta\u00bb<\/h3>\n[&#8230;]\n<p>Sobre el total de municipis amb web, un 46,1&nbsp;% disposa de versi\u00f3 \u00fanica en espanyol, un 44,3&nbsp;% t\u00e9 web biling\u00fce i nom\u00e9s un 9,6&nbsp;% t\u00e9 versi\u00f3 \u00fanica en valenci\u00e0. Si mirem nom\u00e9s els municipis de domini ling\u00fc\u00edstic valenci\u00e0, els percentatges s\u00f3n del 30,4&nbsp;% amb versi\u00f3 \u00fanica en espanyol, un 56,5&nbsp;% biling\u00fce i un 13,1&nbsp;% amb versi\u00f3 \u00fanica en valenci\u00e0. A m\u00e9s, hi ha un 61,8&nbsp;% de casos de webs amb versi\u00f3 en valenci\u00e0 en els quals es detecta la falta d&#8217;alguns continguts.<\/p>\n<p>Una altra dada interessant \u00e9s analitzar la pres\u00e8ncia del valenci\u00e0 en funci\u00f3 de la demarcaci\u00f3, en el cas de municipis de domini ling\u00fc\u00edstic valenci\u00e0. A Alacant \u00e9s del 49,5&nbsp;% (50 sobre 101 municipis), a Castell\u00f3 del 89,3&nbsp;% (67 sobre 75) i a Val\u00e8ncia del 72,4&nbsp;% (144 sobre 199).<\/p>\n[&#8230;]\n<\/p><\/blockquote>\n","protected":false},"excerpt":{"rendered":"<p>El valenci\u00e0 t\u00e9 un rac\u00f3 molt important a la xarxa. De fet, la xarxa \u00e9s un espai de comunicaci\u00f3, expressi\u00f3 i llibertat enfront de les censures pol\u00edtiques a qu\u00e8 s\u00f3n tan aficionats els governs valencians, sobretot pel que fa a la creaci\u00f3 d&#8217;un espaic comunicatiu p\u00fablic en catal\u00e0. Tanmateix, els poders p\u00fablics continuen traslladants els [&hellip;]<\/p>\n","protected":false},"author":2,"featured_media":0,"comment_status":"open","ping_status":"open","sticky":false,"template":"","format":"standard","meta":{"footnotes":""},"categories":[2,4,1,47],"tags":[50,249],"class_list":["post-2049","post","type-post","status-publish","format-standard","hentry","category-comunicacio","category-dret","category-general","category-planificacio","tag-administracio-local","tag-internet"],"_links":{"self":[{"href":"https:\/\/www.cdlpv.org\/dtl\/wp-json\/wp\/v2\/posts\/2049","targetHints":{"allow":["GET"]}}],"collection":[{"href":"https:\/\/www.cdlpv.org\/dtl\/wp-json\/wp\/v2\/posts"}],"about":[{"href":"https:\/\/www.cdlpv.org\/dtl\/wp-json\/wp\/v2\/types\/post"}],"author":[{"embeddable":true,"href":"https:\/\/www.cdlpv.org\/dtl\/wp-json\/wp\/v2\/users\/2"}],"replies":[{"embeddable":true,"href":"https:\/\/www.cdlpv.org\/dtl\/wp-json\/wp\/v2\/comments?post=2049"}],"version-history":[{"count":0,"href":"https:\/\/www.cdlpv.org\/dtl\/wp-json\/wp\/v2\/posts\/2049\/revisions"}],"wp:attachment":[{"href":"https:\/\/www.cdlpv.org\/dtl\/wp-json\/wp\/v2\/media?parent=2049"}],"wp:term":[{"taxonomy":"category","embeddable":true,"href":"https:\/\/www.cdlpv.org\/dtl\/wp-json\/wp\/v2\/categories?post=2049"},{"taxonomy":"post_tag","embeddable":true,"href":"https:\/\/www.cdlpv.org\/dtl\/wp-json\/wp\/v2\/tags?post=2049"}],"curies":[{"name":"wp","href":"https:\/\/api.w.org\/{rel}","templated":true}]}}