{"id":2045,"date":"2011-03-23T08:31:18","date_gmt":"2011-03-23T07:31:18","guid":{"rendered":"http:\/\/www.cdlpv.org\/dtl\/?p=2045"},"modified":"2011-03-23T08:31:18","modified_gmt":"2011-03-23T07:31:18","slug":"la-tv3-al-pais-valencia-i-la-legalita-vigent","status":"publish","type":"post","link":"https:\/\/www.cdlpv.org\/dtl\/2011\/03\/23\/la-tv3-al-pais-valencia-i-la-legalita-vigent\/","title":{"rendered":"La TV3 al Pa\u00eds Valenci\u00e0 i la legalita vigent"},"content":{"rendered":"<p>Mentres el tribunal suprem espanyol hi fica cullerada, podem continuar simpatitzant amb algunes persones del m\u00f3n judicial que continuen prenent-se la seua faena seriosament i actuen d&#8217;acord amb la legalitat i mirant que el poders p\u00fablics respecten els drets dels ciutadans. \u00c9s el cas ja conegut de dos jutges del tribunal superior de just\u00edcia valenci\u00e0 <a href=\"http:\/\/www.elpunt.cat\/noticia\/article\/-\/-\/381393.html?piwik_campaign=mail&#038;piwik_kwd=mail&#038;utm_source=mail&#038;utm_medium=mail&#038;utm_campaign=mail\" target=\"_blank\">(<em>El Punt<\/em>, 11.03.2011)<\/a>:<\/p>\n<blockquote>\n<h2>TV3 divideix els jutges<\/h2>\n<h3>Dos magistrats del TSJ valenci\u00e0 emeten vots particulars contra les multes en una sent\u00e8ncia favorable a Camps pel conflicte de TV3<\/h3>\n[&#8230;]\n<p>En primer lloc, els magistrats discrepants creuen que es tracta d&#8217;una multa \u00abdesproporcionada\u00bb, at\u00e8s que la FRM no t\u00e9 cap \u00e0nim de lucre.<\/p>\n<p>D&#8217;una altra banda, els vots particulars adverteixen que la Generalitat Valenciana considera la FRM un operador de televisi\u00f3, quan en realitat l&#8217;entitat nom\u00e9s es dedica a transportar el senyal d&#8217;una altra cadena, una activitat no tipificada com a delicte.<\/p>\n<p>Igualment, tots dos magistrats expressen els seus dubtes sobre la compet\u00e8ncia del govern valenci\u00e0, at\u00e8s que les emissions es fan per uns canals d&#8217;assignaci\u00f3 estatal.<\/p>\n[&#8230;]\n<\/blockquote>\n","protected":false},"excerpt":{"rendered":"<p>Mentres el tribunal suprem espanyol hi fica cullerada, podem continuar simpatitzant amb algunes persones del m\u00f3n judicial que continuen prenent-se la seua faena seriosament i actuen d&#8217;acord amb la legalitat i mirant que el poders p\u00fablics respecten els drets dels ciutadans. \u00c9s el cas ja conegut de dos jutges del tribunal superior de just\u00edcia valenci\u00e0 [&hellip;]<\/p>\n","protected":false},"author":2,"featured_media":0,"comment_status":"open","ping_status":"open","sticky":false,"template":"","format":"standard","meta":{"footnotes":""},"categories":[2,1,34],"tags":[100,266],"class_list":["post-2045","post","type-post","status-publish","format-standard","hentry","category-comunicacio","category-general","category-tv3","tag-censura","tag-jutjats"],"_links":{"self":[{"href":"https:\/\/www.cdlpv.org\/dtl\/wp-json\/wp\/v2\/posts\/2045","targetHints":{"allow":["GET"]}}],"collection":[{"href":"https:\/\/www.cdlpv.org\/dtl\/wp-json\/wp\/v2\/posts"}],"about":[{"href":"https:\/\/www.cdlpv.org\/dtl\/wp-json\/wp\/v2\/types\/post"}],"author":[{"embeddable":true,"href":"https:\/\/www.cdlpv.org\/dtl\/wp-json\/wp\/v2\/users\/2"}],"replies":[{"embeddable":true,"href":"https:\/\/www.cdlpv.org\/dtl\/wp-json\/wp\/v2\/comments?post=2045"}],"version-history":[{"count":0,"href":"https:\/\/www.cdlpv.org\/dtl\/wp-json\/wp\/v2\/posts\/2045\/revisions"}],"wp:attachment":[{"href":"https:\/\/www.cdlpv.org\/dtl\/wp-json\/wp\/v2\/media?parent=2045"}],"wp:term":[{"taxonomy":"category","embeddable":true,"href":"https:\/\/www.cdlpv.org\/dtl\/wp-json\/wp\/v2\/categories?post=2045"},{"taxonomy":"post_tag","embeddable":true,"href":"https:\/\/www.cdlpv.org\/dtl\/wp-json\/wp\/v2\/tags?post=2045"}],"curies":[{"name":"wp","href":"https:\/\/api.w.org\/{rel}","templated":true}]}}