{"id":2042,"date":"2011-03-21T18:54:57","date_gmt":"2011-03-21T17:54:57","guid":{"rendered":"http:\/\/www.cdlpv.org\/dtl\/?p=2042"},"modified":"2011-03-21T18:54:57","modified_gmt":"2011-03-21T17:54:57","slug":"beques-del-pla-destudis-del-valencia-actual-per-al-2011","status":"publish","type":"post","link":"https:\/\/www.cdlpv.org\/dtl\/2011\/03\/21\/beques-del-pla-destudis-del-valencia-actual-per-al-2011\/","title":{"rendered":"Beques del Pla d&#8217;Estudis del Valenci\u00e0 Actual per al 2011"},"content":{"rendered":"<p>S&#8217;ha obert el termini per a la concessi\u00f3 de beques dins del Pla d&#8217;Estudis del Valenci\u00e0 Actual:<\/p>\n<blockquote><p>\n<a href=\"http:\/\/www.docv.gva.es\/index.php?id=79&#038;sig=003309\/2011\" target=\"_blank\">Orde 9\/2011<\/a>, de 28 de febrer, de la Conselleria d&#8217;Educaci\u00f3, per la qual es convoquen beques per a la realitzaci\u00f3 de treballs d&#8217;investigaci\u00f3 dins del Pla d&#8217;Estudis del Valenci\u00e0 Actual. (<span class=\"versaleta\"><em>docv<\/em><\/span> n\u00fam. 6.481 de 16.03.2011)<\/p>\n[&#8230;]\n<p>Segon<br \/>\nLa dotaci\u00f3 econ\u00f2mica de les beques se sufragar\u00e0 a c\u00e0rrec de l&#8217;aplicaci\u00f3 pressupost\u00e0ria 09.02.04.422.50.4, l\u00ednia \u00abAjudes a la investigaci\u00f3 ling\u00fc\u00edstica sobre el valenci\u00e0\u00bb, codi T2151000, dels pressupostos per a la Generalitat per a l&#8217;any 2011. L&#8217;import global m\u00e0xim destinat a estes ajudes \u00e9s de 32.000 euros.<\/p>\n[&#8230;]\n<p>Tercera. Termini de presentaci\u00f3 de so&#320;licituds<br \/>\nEl termini de presentaci\u00f3 de les so&#320;licituds i de la documentaci\u00f3 ser\u00e0 de 15 dies h\u00e0bils, comptats a partir de l&#8217;endem\u00e0 de la publicaci\u00f3 de la convocat\u00f2ria en el Diari Oficial de la Comunitat Valenciana. Si el termini acaba en dia inh\u00e0bil, s&#8217;entendr\u00e0 prorrogat fins al primer dia h\u00e0bil seg\u00fcent. <\/p>\n[&#8230;]\n<\/p><\/blockquote>\n","protected":false},"excerpt":{"rendered":"<p>S&#8217;ha obert el termini per a la concessi\u00f3 de beques dins del Pla d&#8217;Estudis del Valenci\u00e0 Actual: Orde 9\/2011, de 28 de febrer, de la Conselleria d&#8217;Educaci\u00f3, per la qual es convoquen beques per a la realitzaci\u00f3 de treballs d&#8217;investigaci\u00f3 dins del Pla d&#8217;Estudis del Valenci\u00e0 Actual. (docv n\u00fam. 6.481 de 16.03.2011) [&#8230;] Segon La [&hellip;]<\/p>\n","protected":false},"author":2,"featured_media":0,"comment_status":"open","ping_status":"open","sticky":false,"template":"","format":"standard","meta":{"footnotes":""},"categories":[38,40,1,22],"tags":[365,367],"class_list":["post-2042","post","type-post","status-publish","format-standard","hentry","category-avl","category-beques-formacio","category-general","category-recerca","tag-eva","tag-pla-eva"],"_links":{"self":[{"href":"https:\/\/www.cdlpv.org\/dtl\/wp-json\/wp\/v2\/posts\/2042","targetHints":{"allow":["GET"]}}],"collection":[{"href":"https:\/\/www.cdlpv.org\/dtl\/wp-json\/wp\/v2\/posts"}],"about":[{"href":"https:\/\/www.cdlpv.org\/dtl\/wp-json\/wp\/v2\/types\/post"}],"author":[{"embeddable":true,"href":"https:\/\/www.cdlpv.org\/dtl\/wp-json\/wp\/v2\/users\/2"}],"replies":[{"embeddable":true,"href":"https:\/\/www.cdlpv.org\/dtl\/wp-json\/wp\/v2\/comments?post=2042"}],"version-history":[{"count":0,"href":"https:\/\/www.cdlpv.org\/dtl\/wp-json\/wp\/v2\/posts\/2042\/revisions"}],"wp:attachment":[{"href":"https:\/\/www.cdlpv.org\/dtl\/wp-json\/wp\/v2\/media?parent=2042"}],"wp:term":[{"taxonomy":"category","embeddable":true,"href":"https:\/\/www.cdlpv.org\/dtl\/wp-json\/wp\/v2\/categories?post=2042"},{"taxonomy":"post_tag","embeddable":true,"href":"https:\/\/www.cdlpv.org\/dtl\/wp-json\/wp\/v2\/tags?post=2042"}],"curies":[{"name":"wp","href":"https:\/\/api.w.org\/{rel}","templated":true}]}}