{"id":204,"date":"2007-10-20T18:30:07","date_gmt":"2007-10-20T17:30:07","guid":{"rendered":"http:\/\/www.cdlpv.org\/dtl\/?p=204"},"modified":"2007-10-20T18:30:07","modified_gmt":"2007-10-20T17:30:07","slug":"socolinguistica-a-la-nucia","status":"publish","type":"post","link":"https:\/\/www.cdlpv.org\/dtl\/2007\/10\/20\/socolinguistica-a-la-nucia\/","title":{"rendered":"Socioling\u00fc\u00edstica a la Nucia"},"content":{"rendered":"<p>Vicent Martines ens fa arribar la informaci\u00f3 seg\u00fcent:<\/p>\n<blockquote><p>\nBenvolgudes\/ts col\u00b7legues,<\/p>\n<p>em permet la llibertat de fer-vos a mans la informaci\u00f3 que ja \u00e9s obert el termini d&#8217;inscritpci\u00f3 per al:<\/p>\n<h2>XX CURS DE SOCIOLING\u00dc\u00cdSTICA DE LA NUCIA<\/h2>\n<h3>SOCIOLING\u00dc\u00cdSTICA, ENQUESTES I AN\u00c0LISI DE LA REALITAT: CAP A ON ANEM? (i 2)<\/h3>\n<p>que se celebrar\u00e0 els dies 9-10 i 30 de novembre i l&#8217;1 de desembre de 2007, a la Seu Universit\u00e0ria de la Nucia, organitzat per aquesta seu, l&#8217;IIFV i l&#8217;IVITRA.<\/p>\n<p>ELS ENLLA\u00c7OS PER A VEURE TOTA LA INFORMACI\u00d3 I REALITZAR LA INSCRIPCI\u00d3:<\/p>\n<p><a href=\"http:\/\/www.ua.es\/va\/estudios\/seus\/nucia\/\" target=\"_blank\">http:\/\/www.ua.es\/va\/estudios\/seus\/nucia\/<\/a><a href=\"http:\/\/www.ua.es\/es\/estudios\/seus\/nucia\/\" target=\"_blank\"><br \/>\nhttp:\/\/www.ua.es\/es\/estudios\/seus\/nucia\/<\/a><\/p>\n<p>DIPLOMES<br \/>\nEs podr\u00e0 optar per un dels seg\u00fcents:<\/p>\n<p>&#8211; Certificat de l&#8217;Institut de Ci\u00e8ncies de l&#8217;Educaci\u00f3 (ICE) de la Universitat d&#8217;Alacant: 30 hores<br \/>\n&#8211; Certificat de cr\u00e8dits de lliure elecci\u00f3 curricular: 2 cr\u00e8dits.<\/p>\n<p>A m\u00e9s, els cr\u00e8dits s\u00f3n computables en els itineraris de la Universitat d&#8217;Alacant per a l&#8217;obtenci\u00f3 del certificat de capacitaci\u00f3 docent i el diploma de mestre en valenci\u00e0.<\/p>\n<p>TRANSPORT<br \/>\nHi haur\u00e0, com tots els anys, un servei d&#8217;autobusos gratu\u00eft per als inscrits (UA-Seu de la Nucia-UA). Els autobusos eixiran de la parada d&#8217;autob\u00fas del Campus de la UA (Rotonda de l&#8217;Autovia) una hora abans de l&#8217;inici de la primera activitat de cada dia; hi tornaran, nom\u00e9s finalitze l&#8217;\u00faltima activitat de cada dia.<\/p>\n<p>QU\u00c8 T\u00c9 D&#8217;ESPECIAL L&#8217;EDICI\u00d3 D&#8217;ENGUANY?<br \/>\nL&#8217;edici\u00f3 d&#8217;enguany \u00e9s molt especial: 20 anys!!! Aquesta \u00e9s la iniciativa d&#8217;aquesta mena degana (i ininterrompuda) a les terres valencianes de vinculaci\u00f3 d&#8217;una universitat (la UA) i un ajuntament (la Nucia) a fi d&#8217;estudiar, analitzar i proposar estrat\u00e8gies sobre la situaci\u00f3 socioling\u00fc\u00edstica al nostre pa\u00eds i, a m\u00e9s, amb una clara i decidida vocaci\u00f3 cap a l&#8217;ensenyament i l&#8217;\u00fas social.<\/p>\n<p>Els cursos de socioling\u00fc\u00edstica de la Nucia han esdevingut un referent ineludible en l&#8217;especialitat i en el comprom\u00eds per la normalitzaci\u00f3 del valenci\u00e0. 20 anys s\u00f3n 20 anys i, a m\u00e9s, han passat m\u00e9s de 250 dels millors especialistes europeus en la mat\u00e8ria.<\/p>\n<p>Amb l&#8217;esperan\u00e7a que enguany tamb\u00e9 vindreu i amb la seguretat que sereu molt benvinguts, us saluda ben cordialment,<\/p>\n<p>Vicent Martines<br \/>\nDir. de la Seu Universit\u00e0ria de la Nucia<br \/>\nUA\n<\/p><\/blockquote>\n","protected":false},"excerpt":{"rendered":"<p>Vicent Martines ens fa arribar la informaci\u00f3 seg\u00fcent: Benvolgudes\/ts col\u00b7legues, em permet la llibertat de fer-vos a mans la informaci\u00f3 que ja \u00e9s obert el termini d&#8217;inscritpci\u00f3 per al: XX CURS DE SOCIOLING\u00dc\u00cdSTICA DE LA NUCIA SOCIOLING\u00dc\u00cdSTICA, ENQUESTES I AN\u00c0LISI DE LA REALITAT: CAP A ON ANEM? (i 2) que se celebrar\u00e0 els dies 9-10 [&hellip;]<\/p>\n","protected":false},"author":2,"featured_media":0,"comment_status":"open","ping_status":"open","sticky":false,"template":"","format":"standard","meta":{"footnotes":""},"categories":[45,10,1,47],"tags":[],"class_list":["post-204","post","type-post","status-publish","format-standard","hentry","category-ensenyament","category-formacio","category-general","category-planificacio"],"_links":{"self":[{"href":"https:\/\/www.cdlpv.org\/dtl\/wp-json\/wp\/v2\/posts\/204","targetHints":{"allow":["GET"]}}],"collection":[{"href":"https:\/\/www.cdlpv.org\/dtl\/wp-json\/wp\/v2\/posts"}],"about":[{"href":"https:\/\/www.cdlpv.org\/dtl\/wp-json\/wp\/v2\/types\/post"}],"author":[{"embeddable":true,"href":"https:\/\/www.cdlpv.org\/dtl\/wp-json\/wp\/v2\/users\/2"}],"replies":[{"embeddable":true,"href":"https:\/\/www.cdlpv.org\/dtl\/wp-json\/wp\/v2\/comments?post=204"}],"version-history":[{"count":0,"href":"https:\/\/www.cdlpv.org\/dtl\/wp-json\/wp\/v2\/posts\/204\/revisions"}],"wp:attachment":[{"href":"https:\/\/www.cdlpv.org\/dtl\/wp-json\/wp\/v2\/media?parent=204"}],"wp:term":[{"taxonomy":"category","embeddable":true,"href":"https:\/\/www.cdlpv.org\/dtl\/wp-json\/wp\/v2\/categories?post=204"},{"taxonomy":"post_tag","embeddable":true,"href":"https:\/\/www.cdlpv.org\/dtl\/wp-json\/wp\/v2\/tags?post=204"}],"curies":[{"name":"wp","href":"https:\/\/api.w.org\/{rel}","templated":true}]}}