{"id":2037,"date":"2011-03-21T13:35:30","date_gmt":"2011-03-21T12:35:30","guid":{"rendered":"http:\/\/www.cdlpv.org\/dtl\/?p=2037"},"modified":"2011-03-21T13:35:30","modified_gmt":"2011-03-21T12:35:30","slug":"les-jornades-dalcoi-sobre-la-llengua-en-el-mon-socioeconomic","status":"publish","type":"post","link":"https:\/\/www.cdlpv.org\/dtl\/2011\/03\/21\/les-jornades-dalcoi-sobre-la-llengua-en-el-mon-socioeconomic\/","title":{"rendered":"Les jornades d&#8217;Alcoi sobre la llengua en el m\u00f3n socioecon\u00f2mic"},"content":{"rendered":"<p>Ferran Isabel ens envia a trav\u00e9s d&#8217;Infoz\u00e8fir la informaci\u00f3 seg\u00fcent:<\/p>\n<blockquote>\n<h2>XVI Jornada de Socioling\u00fc\u00edstica d\u2019Alcoi 2011<\/h3>\n<h3>El valenci\u00e0 al m\u00f3n socioecon\u00f2mic<\/h3>\n<p>Dissabte 2 d\u2019abril de 2011<br \/>\nUniversitat Polit\u00e8cnica de Val\u00e8ncia<br \/>\nCampus d\u2019Alcoi<\/p>\n<p><b>Objectiu<\/b><br \/>\nAnalitzar la pres\u00e8ncia del valenci\u00e0 al m\u00f3n socioecon\u00f2mic en els seus diversos vessants \u2013alimentaci\u00f3 i distribuci\u00f3, entitats financeres, empreses d\u2019oci, societats esportives&#8230; \u2013 i la implicaci\u00f3 de la societat civil en aquest \u00e0mbit.<\/p>\n<p><b>Programa<\/b><\/p>\n<p>9 \u2013 9.30 h Recepci\u00f3 i lliurament de la documentaci\u00f3<\/p>\n<p>9.30 \u2013 10.30 h Inauguraci\u00f3 a c\u00e0rrec d\u2019un representant institucional de la Universitat Polit\u00e8cnica de Val\u00e8ncia<br \/>\nConfer\u00e8ncia inaugural \u00abL\u2019economia valenciana i el valenci\u00e0\u00bb, Vicent Soler, Universitat de Val\u00e8ncia<br \/>\nPresenta: Enrique Masi\u00e1, director del Campus d\u2019Alcoi<\/p>\n<p>10.30 \u2013 11.15 h  Experi\u00e8ncies de la societat civil per a la normalitzaci\u00f3 del valenci\u00e0 al m\u00f3n socioecon\u00f2mic:<br \/>\n&#8211; \u00c0lvar Kuhen, Plataforma per la Llengua<br \/>\n&#8211; Jaume Piquer, De tot CAT, Ajuntament de Girona.<br \/>\nModera: Vicent Santamaria, Ajuntament de Cocentaina.<\/p>\n<p>11.15 \u2013 11.45 h  Caf\u00e9 i visita de l\u2019exposici\u00f3 \u00abEnric Valor. El Valor de les paraules\u00bb <span class=\"versaleta\">(avl)<\/span>, a la sala d\u2019exposicions del campus.<\/p>\n<p>11.45 \u2013 12.30 h  Taula redona: \u00abEl paper de les cambres de comer\u00e7 i l\u2019empresa en la promoci\u00f3 del valenci\u00e0 en l\u2019\u00e0mbit socioecon\u00f2mic\u00bb:<br \/>\n&#8211; Julia Company, Cambra de Comer\u00e7 d\u2019Alcoi<br \/>\n&#8211; Pau Caparr\u00f3s, Institut d\u2019Economia i Empresa Ignasi Villalonga Presenta: Jordi Gim\u00e9nez, Ajuntament de Petrer.<\/p>\n<p>12.30 \u2013 13.15 h  Taula redona: \u00abLes entitats banc\u00e0ries i el valenci\u00e0\u00bb<br \/>\n&#8211; Jos\u00e9-Rafael Revert, Caixa Ontinyent<br \/>\n&#8211; Josep Soriano, Caixa Popular<br \/>\nModera: Josep Sanchis  Ajuntament d\u2019Ontinyent<\/p>\n<p>13.15 \u2013 14.15 h  Taula redona: \u00abEl valenci\u00e0 en les empreses d\u2019alimentaci\u00f3 i distribuci\u00f3\u00bb<br \/>\n&#8211; Jordi Colomina, Eroski<br \/>\n&#8211; Pere Pal\u00e9s, Terra Valenciana<br \/>\nModera: S\u00f2nia Bl\u00e1zquez, Ajuntament de X\u00e0tiva<\/p>\n<p>14.30 \u2013 16 h Dinar al restaurant del campus<\/p>\n<p>16 \u2013 17.15 h Taula redona: \u00abEl valenci\u00e0 en la relaci\u00f3 amb els usuaris\u00bb<br \/>\n&#8211; Albert Forcades, Abacus<br \/>\n&#8211; Paquibel Server, Rolser<br \/>\n&#8211; Jos\u00e9 Manuel Plaza, Movistar<br \/>\n&#8211; Uni\u00f3n Alcoyana<br \/>\nModera: David G. Sirvent, Ajuntament de Mutxamel<\/p>\n<p>17.15 \u2013 17.45 h  Pon\u00e8ncia: \u00abCultura i economia en valenci\u00e0\u00bb, Pau Rausell, Universitat de Val\u00e8ncia<\/p>\n<p>17.45 \u2013 18.30 h  Taula redona: \u00abEl valenci\u00e0 en les societats esportives\u00bb<br \/>\n&#8211; Luc\u00eda Pascual Gisbert, Fundaci\u00f3 CD Alcoyano<br \/>\n&#8211; V\u00edctor Agull\u00f3 Calatayud, Federaci\u00f3 de Pilota Valenciana<br \/>\n&#8211; Geno Dom\u00e9nech, Llevant UE<br \/>\nModera: Jordi Dav\u00f3, Universitat d\u2019Alacant<\/p>\n<p>18.30 \u2013 18.45 h  Cloenda a c\u00e0rrec de les institucions organitzadores<\/p>\n<p>19 \u2013 20.30 h Espectacle amb motiu del centenari del naixement d\u2019Enric Valor: Rondalles valencianes: el musical, a c\u00e0rrec de Vol de N\u00favol.<br \/>\nCafeteria de la <span class=\"versaleta\">upv<\/span> Alcoi.<\/p>\n<p><b>Lloc<\/b><br \/>\nUniversitat Polit\u00e8cnica de Val\u00e8ncia. Campus d\u2019Alcoi<br \/>\nSala de graus Roberto Garc\u00eda Pay\u00e1<br \/>\nEdifici de Carbonell, pla\u00e7a de Ferr\u00e1ndiz i Carbonell<br \/>\n03801 Alcoi<\/p>\n<p><b>Inscripci\u00f3<\/b><br \/>\n25 euros. Inclou: matr\u00edcula, documentaci\u00f3, dinar, certificat d\u2019assist\u00e8ncia i entrada a l\u2019espectacle<br \/>\nEl termini per a inscriure\u2019s finalitza el 30 de mar\u00e7 de 2011.<br \/>\nA l&#8217;enlla\u00e7<br \/>\n<a href=\"http:\/\/www.alcoi.upv.es\/attachments\/1163_110316150454.pdf\" target=\"_blank\"><em>http:\/\/www.alcoi.upv.es\/attachments\/1163_110316150454.pdf<\/em><\/a><br \/>\npodeu trobar el tr\u00edptic amb el programa complet, aix\u00ed com la forma d&#8217;inscripci\u00f3, que podr\u00e0 ser per mitj\u00e0 de la p\u00e0gina web www.cfp.upv.es o remetre-la per fax al 96 652 85 33 o a l\u2019adre\u00e7a <a href=\"mailto:cfpalcoi@cfp.upv.es\" target=\"_blank\"><em>cfpalcoi@cfp.upv.es<\/em><\/a>.<\/p>\n<p><b>Organitzen<\/b><br \/>\nUniversitat Polit\u00e8cnica de Val\u00e8ncia, Acad\u00e8mia Valenciana de la Llengua, Institut d&#8217;Estudis Catalans &#8211; Delegaci\u00f3 d\u2019Alacant, Ajuntament d&#8217;Alcoi, Centre Ovidi Montllor i Coordinadora de l\u2019Alcoi\u00e0 i el Comtat pel Valenci\u00e0.<\/p>\n<p><b>Co&#320;laboren<\/b><br \/>\nUniversitat d\u2019Alacant, Universitat de Val\u00e8ncia, Universitat Jaume I i Universitat Miguel Hern\u00e1ndez d\u2019Elx<\/p>\n<p><b>M\u00e9s informaci\u00f3<\/b><br \/>\nUniversitat Polit\u00e8cnica de Val\u00e8ncia<br \/>\n\u00c0rea de Promoci\u00f3 i Normalitzaci\u00f3 Ling\u00fc\u00edstica<br \/>\nCentre de Formaci\u00f3 Permanent del campus d\u2019Alcoi<br \/>\n96 652 84 84<br \/>\n<a href=\"mailto:cfpalcoi@cfp.upv.es\" target=\"_blank\"><em>cfpalcoi@cfp.upv.es<\/em><\/a><br \/>\n<a href=\"http:\/\/www.cfp.upv.es\" target=\"_blank\"><em>http:\/\/www.cfp.upv.es<\/em><\/a><\/p>\n<p>Font: Josep Cort\u00e9s (\u00c0rea de Promoci\u00f3 i Normalitzaci\u00f3 Ling\u00fc\u00edstica. Universitat Polit\u00e8cnica de Val\u00e8ncia)\n<\/p><\/blockquote>\n","protected":false},"excerpt":{"rendered":"<p>Ferran Isabel ens envia a trav\u00e9s d&#8217;Infoz\u00e8fir la informaci\u00f3 seg\u00fcent: XVI Jornada de Socioling\u00fc\u00edstica d\u2019Alcoi 2011 El valenci\u00e0 al m\u00f3n socioecon\u00f2mic Dissabte 2 d\u2019abril de 2011 Universitat Polit\u00e8cnica de Val\u00e8ncia Campus d\u2019Alcoi Objectiu Analitzar la pres\u00e8ncia del valenci\u00e0 al m\u00f3n socioecon\u00f2mic en els seus diversos vessants \u2013alimentaci\u00f3 i distribuci\u00f3, entitats financeres, empreses d\u2019oci, societats esportives&#8230; [&hellip;]<\/p>\n","protected":false},"author":2,"featured_media":0,"comment_status":"open","ping_status":"open","sticky":false,"template":"","format":"standard","meta":{"footnotes":""},"categories":[2,10,1,27],"tags":[258],"class_list":["post-2037","post","type-post","status-publish","format-standard","hentry","category-comunicacio","category-formacio","category-general","category-sociolinguistica","tag-jornades"],"_links":{"self":[{"href":"https:\/\/www.cdlpv.org\/dtl\/wp-json\/wp\/v2\/posts\/2037","targetHints":{"allow":["GET"]}}],"collection":[{"href":"https:\/\/www.cdlpv.org\/dtl\/wp-json\/wp\/v2\/posts"}],"about":[{"href":"https:\/\/www.cdlpv.org\/dtl\/wp-json\/wp\/v2\/types\/post"}],"author":[{"embeddable":true,"href":"https:\/\/www.cdlpv.org\/dtl\/wp-json\/wp\/v2\/users\/2"}],"replies":[{"embeddable":true,"href":"https:\/\/www.cdlpv.org\/dtl\/wp-json\/wp\/v2\/comments?post=2037"}],"version-history":[{"count":0,"href":"https:\/\/www.cdlpv.org\/dtl\/wp-json\/wp\/v2\/posts\/2037\/revisions"}],"wp:attachment":[{"href":"https:\/\/www.cdlpv.org\/dtl\/wp-json\/wp\/v2\/media?parent=2037"}],"wp:term":[{"taxonomy":"category","embeddable":true,"href":"https:\/\/www.cdlpv.org\/dtl\/wp-json\/wp\/v2\/categories?post=2037"},{"taxonomy":"post_tag","embeddable":true,"href":"https:\/\/www.cdlpv.org\/dtl\/wp-json\/wp\/v2\/tags?post=2037"}],"curies":[{"name":"wp","href":"https:\/\/api.w.org\/{rel}","templated":true}]}}