{"id":2035,"date":"2011-03-16T13:49:16","date_gmt":"2011-03-16T12:49:16","guid":{"rendered":"http:\/\/www.cdlpv.org\/dtl\/?p=2035"},"modified":"2011-03-16T13:49:16","modified_gmt":"2011-03-16T12:49:16","slug":"flaixos-sobre-google-la-vanguardia-i-el-congres-convit","status":"publish","type":"post","link":"https:\/\/www.cdlpv.org\/dtl\/2011\/03\/16\/flaixos-sobre-google-la-vanguardia-i-el-congres-convit\/","title":{"rendered":"Flaixos sobre Google, La Vanguardia i el Congr\u00e9s Convit"},"content":{"rendered":"<p>Els <em>Flaixos d\u2019Actualitat<\/em> (<a href=\"http:\/\/www6.gencat.cat\/llengcat\/Flaixos_69\/www20.gencat.cat\/portal\/site\/Llengcat\/menuitem.08f45c9e3857090e3285bdb1b0c0e1a0\/index88fa.html\" target=\"_blank\">n\u00fam. 69<\/a>, 15.03.2011) ens envien, entre altres, la informaci\u00f3 seg\u00fcent:<\/p>\n<blockquote>\n<h2>Google Docs per a m\u00f2bil, en catal\u00e0<\/h2>\n<p>L\u2019edici\u00f3 per a m\u00f2bils de Google Docs incorpora el catal\u00e0. Actualment, aquesta aplicaci\u00f3 est\u00e0 disponible en 45 lleng\u00fces. La configuraci\u00f3 de l\u2019idioma s\u2019ha de fer des de l\u2019escriptori de Google Docs, no des del m\u00f2bil.<\/p>\n<p>Per a m\u00e9s informaci\u00f3: <a href=\"http:\/\/googlemobile.blogspot.com\" target=\"_blank\"><em>http:\/\/googlemobile.blogspot.com<\/em><\/a><\/p>\n<h2><em>La Vanguardia<\/em>, en catal\u00e0<\/h2>\n<p>A partir del mes de maig, el diari La Vanguardia s\u2019editar\u00e0 tamb\u00e9 en catal\u00e0. Les primeres presentacions p\u00fabliques de La Vanguardia en catal\u00e0 s\u2019han fet a diverses poblacions, entre les quals, Vic, Tarragona, Manresa, la Seu d\u2019Urgell, Lleida, Puigcerd\u00e0 o Sabadell. Les properes presentacions previstes s\u00f3n a Sant Feliu de Llobregat (dia 16 de mar\u00e7), el Vendrell (17 de mar\u00e7) i Granollers (18 de mar\u00e7).<\/p>\n<p>Per a m\u00e9s informaci\u00f3: <a href=\"http:\/\/www.lavanguardia.es\/encatala\" target=\"_blank\"><em>http:\/\/www.lavanguardia.es\/encatala<\/em><\/a><\/p>\n<h2>El 2n Congr\u00e9s Convit acollir\u00e0 la presentaci\u00f3 d\u2019una vintena d\u2019experi\u00e8ncies<\/h2>\n<p>El 2n Congr\u00e9s Convit, que tindr\u00e0 lloc els dies 24 i 25 de mar\u00e7 i s\u2019estructura entorn dels eixos llengua i immigraci\u00f3, d\u2019una banda, i llengua i empresa, de l\u2019altra, donar\u00e0 visibilitat al m\u00e0xim nombre possible d\u2019experi\u00e8ncies dutes a terme des dels serveis ling\u00fc\u00edstics. El 2n Congr\u00e9s Convit aposta per la presentaci\u00f3 de p\u00f2sters en lloc de les comunicacions habituals en un congr\u00e9s d\u2019aquesta mena. El comit\u00e8 organitzador ha rebut 34 so&#320;licituds per presentar un p\u00f2ster, de les quals n\u2019ha hagut de seleccionar una vintena. Entre aquests, hi ha, per descomptat, experi\u00e8ncies de diversos serveis ling\u00fc\u00edstics de Catalunya, per\u00f2 cal destacar que tamb\u00e9 n\u2019hi ha d\u2019altres territoris de parla catalana com Andorra, les Balears i l\u2019Alguer.<\/p>\n<p>L\u2019espai reservat per als p\u00f2sters, estructures de cart\u00f3 ploma de 0,75 x 1,70 m, \u00e9s el vest\u00edbul del Teatre Bartrina, seu del 2n Congr\u00e9s Convit. El mat\u00ed del divendres 25 de mar\u00e7 els autors podran fer els aclariments que demanin els congressistes.<\/p>\n<p>Aquesta iniciativa ha de permetre acostar noves metodologies i recursos de treball als assistents a m\u00e9s de constituir un dip\u00f2sit de recursos en l\u00ednia per als professionals de la llengua en forma d\u2019experi\u00e8ncies. En aquest sentit, ben aviat es penjaran els resums dels p\u00f2sters seleccionats al <a href=\"http:\/\/www.congresconvit.cat \" target=\"_blank\">web<\/a> del Congr\u00e9s.\n<\/p><\/blockquote>\n","protected":false},"excerpt":{"rendered":"<p>Els Flaixos d\u2019Actualitat (n\u00fam. 69, 15.03.2011) ens envien, entre altres, la informaci\u00f3 seg\u00fcent: Google Docs per a m\u00f2bil, en catal\u00e0 L\u2019edici\u00f3 per a m\u00f2bils de Google Docs incorpora el catal\u00e0. Actualment, aquesta aplicaci\u00f3 est\u00e0 disponible en 45 lleng\u00fces. La configuraci\u00f3 de l\u2019idioma s\u2019ha de fer des de l\u2019escriptori de Google Docs, no des del m\u00f2bil. [&hellip;]<\/p>\n","protected":false},"author":2,"featured_media":0,"comment_status":"open","ping_status":"open","sticky":false,"template":"","format":"standard","meta":{"footnotes":""},"categories":[2,7,10,1,12,22,27],"tags":[113,206,313],"class_list":["post-2035","post","type-post","status-publish","format-standard","hentry","category-comunicacio","category-empreses","category-formacio","category-general","category-informatica","category-recerca","category-sociolinguistica","tag-congressos","tag-flaixos-dactualitat","tag-mitjans-de-comunicacio"],"_links":{"self":[{"href":"https:\/\/www.cdlpv.org\/dtl\/wp-json\/wp\/v2\/posts\/2035","targetHints":{"allow":["GET"]}}],"collection":[{"href":"https:\/\/www.cdlpv.org\/dtl\/wp-json\/wp\/v2\/posts"}],"about":[{"href":"https:\/\/www.cdlpv.org\/dtl\/wp-json\/wp\/v2\/types\/post"}],"author":[{"embeddable":true,"href":"https:\/\/www.cdlpv.org\/dtl\/wp-json\/wp\/v2\/users\/2"}],"replies":[{"embeddable":true,"href":"https:\/\/www.cdlpv.org\/dtl\/wp-json\/wp\/v2\/comments?post=2035"}],"version-history":[{"count":0,"href":"https:\/\/www.cdlpv.org\/dtl\/wp-json\/wp\/v2\/posts\/2035\/revisions"}],"wp:attachment":[{"href":"https:\/\/www.cdlpv.org\/dtl\/wp-json\/wp\/v2\/media?parent=2035"}],"wp:term":[{"taxonomy":"category","embeddable":true,"href":"https:\/\/www.cdlpv.org\/dtl\/wp-json\/wp\/v2\/categories?post=2035"},{"taxonomy":"post_tag","embeddable":true,"href":"https:\/\/www.cdlpv.org\/dtl\/wp-json\/wp\/v2\/tags?post=2035"}],"curies":[{"name":"wp","href":"https:\/\/api.w.org\/{rel}","templated":true}]}}