{"id":2032,"date":"2011-03-15T12:24:47","date_gmt":"2011-03-15T11:24:47","guid":{"rendered":"http:\/\/www.cdlpv.org\/dtl\/?p=2032"},"modified":"2011-03-15T12:24:47","modified_gmt":"2011-03-15T11:24:47","slug":"es-reunix-la-xarxa-tecnica-de-politica-linguistica","status":"publish","type":"post","link":"https:\/\/www.cdlpv.org\/dtl\/2011\/03\/15\/es-reunix-la-xarxa-tecnica-de-politica-linguistica\/","title":{"rendered":"Es reunix la Xarxa T\u00e8cnica de Pol\u00edtica Ling\u00fc\u00edstica"},"content":{"rendered":"<p>Marta Torres Vilatarsana ens envia a trav\u00e9s d&#8217;Infoz\u00e8fir la informaci\u00f3 seg\u00fcent:<\/p>\n<blockquote>\n<h2>La Xarxa T\u00e8cnica de Pol\u00edtica Ling\u00fc\u00edstica del Govern es torna a reunir despr\u00e9s de quatre anys<\/h2>\n<h3>Hi ha participat 80 persones provinents dels departaments de la Generalitat i d&#8217;altres organismes que en depenen. La xarxa t\u00e9 per objectiu emetre propostes per fomentar l&#8217;\u00fas del catal\u00e0 a la societat, a m\u00e9s de vetllar per l&#8217;\u00fas correcte del catal\u00e0 a l&#8217;administraci\u00f3. La Direcci\u00f3 General de Pol\u00edtica Ling\u00fc\u00edstica planteja la necessitat de reorganitzar la xarxa per fer-la m\u00e9s operativa<\/h3>\n<p>Despr\u00e9s de quatre anys, la Xarxa T\u00e8cnica de Pol\u00edtica Ling\u00fc\u00edstica s\u2019ha reunit aquest mat\u00ed. La xarxa \u00e9s un \u00f2rgan adscrit a la Direcci\u00f3 General de Pol\u00edtica Ling\u00fc\u00edstica, format per personal de diferents departaments, entitats aut\u00f2nomes i altres ens que depenen de la Generalitat.<\/p>\n<p>La directora general de Pol\u00edtica Ling\u00fc\u00edstica, Yvonne Griley, ha destacat la significaci\u00f3 d\u2019aquesta reuni\u00f3 que vol ser una represa de contacte pel que fa a la coordinaci\u00f3 interdepartamental: \u00abdes del Departament de Cultura existeix la voluntat de treballar de manera transversal en mat\u00e8ria de pol\u00edtica ling\u00fc\u00edstica i volem potenciar el paper de la xarxa t\u00e8cnica en aquesta missi\u00f3. Aquesta jornada \u00e9s la primera passa per donar-l\u2019hi un nou impuls\u00bb.<\/p>\n<p><strong>Objectius<\/strong><\/p>\n<p>La xarxa t\u00e9 per objectiu analitzar l&#8217;\u00fas del catal\u00e0 en els diferents sectors socials i fer les propostes adients per fomentar-ne l&#8217;\u00fas amb especial incid\u00e8ncia en els sectors on l&#8217;\u00fas de la llengua catalana \u00e9s menor. La <span class=\"versaleta\">xtpl<\/span> tamb\u00e9 treballa per vetllar per l&#8217;\u00fas correcte del catal\u00e0 a l&#8217;administraci\u00f3.<\/p>\n<p>La jornada de treball s\u2019ha articulat al voltant de dos grans debats sectorials en el primer dels quals s\u2019ha fet una valoraci\u00f3 de la situaci\u00f3 actual de la Xarxa T\u00e8cnica de Pol\u00edtica Ling\u00fc\u00edstica. En aquest debat s\u2019ha plantejat la necessitat de fer una posada al dia a aquest organisme, que en els darrers set anys nom\u00e9s s\u2019ha reunit dos cops, l\u2019\u00faltim d\u2019ells el juliol de 2007. La directora general de Pol\u00edtica Ling\u00fc\u00edstica, Yvonne Griley, ha explicat que: \u00abcal modificar l\u2019organitzaci\u00f3, la composici\u00f3, les formes de coordinaci\u00f3 i la representativitat de la xarxa t\u00e8cnica per garantir que pugui acomplir les funcions per a les quals va ser creada, ser l\u2019instrument t\u00e8cnic del govern que vetlla pels usos ling\u00fc\u00edstics a l\u2019administraci\u00f3 i de proposta d\u2019actuacions de foment de l\u2019\u00fas del catal\u00e0 des de la transversalitat\u00bb.<\/p>\n<p>En el segon debat s\u2019ha tractat sobre la implicaci\u00f3 d\u2019aquest \u00f2rgan en les accions de pol\u00edtica ling\u00fc\u00edstica relacionades amb els \u00e0mbits de l\u2019\u00fas oficials del catal\u00e0, dels serveis p\u00fablics i del foment i la regulaci\u00f3 en el sector privat.<\/p>\n<p>A la sessi\u00f3 de treball hi han participat 80 t\u00e8cnics en representaci\u00f3 dels serveis centrals dels departaments del Govern i d\u2019organismes adscrits a l\u2019Administraci\u00f3 de la Generalitat de les comarques de Barcelona, aix\u00ed com tamb\u00e9 les persones encarregades de la coordinaci\u00f3 de la xarxa t\u00e8cnica territorials.<\/p>\n<p><strong>Funcions de la Xarxa T\u00e8cnica de Pol\u00edtica Ling\u00fc\u00edstica<\/strong><\/p>\n<p>Les seves funcions s\u00f3n:<br \/>\n<em>a<\/em>)      Informar la Direcci\u00f3 General de Pol\u00edtica Ling\u00fc\u00edstica sobre l\u2019actuaci\u00f3 dels diferents departaments en mat\u00e8ria de pol\u00edtica ling\u00fc\u00edstica.<br \/>\n<em>b<\/em>)      Vetllar pel compliment de la legislaci\u00f3 sobre usos ling\u00fc\u00edstics a l\u2019administraci\u00f3 i de la normativa sobre coneixement del catal\u00e0 per part del personal al servei de l\u2019Administraci\u00f3 de la Generalitat<br \/>\n<em>c<\/em>)      Vetllar per l\u2019\u00fas correcte i uniforme de la terminologia, en co&#320;laboraci\u00f3 amb el Termcat, i prestar l\u2019assessorament ling\u00fc\u00edstic necessari.<br \/>\n<em>d<\/em>)      Proposar als \u00f2rgans competents del respectiu Departament o entitat, o si s\u2019escau a la Direcci\u00f3 General de Pol\u00edtica Ling\u00fc\u00edstica, les actuacions encaminades a fomentar l\u2019\u00fas del catal\u00e0 en els \u00e0mbits corresponents.<\/p>\n<p>La Xarxa T\u00e8cnica de Pol\u00edtica Ling\u00fc\u00edstica, conjuntament amb la Comissi\u00f3 T\u00e8cnica de Pol\u00edtica Ling\u00fc\u00edstica, \u00e9s l\u2019organisme encarregat d\u2019aplicar de manera coordinada i sectorialitzada la pol\u00edtica ling\u00fc\u00edstica del Govern des de l\u2019Administraci\u00f3 de la Generalitat.<\/p>\n<p>Font: Direcci\u00f3 General de Pol\u00edtica Ling\u00fc\u00edstica <\/p><\/blockquote>\n<\/blockquote>\n","protected":false},"excerpt":{"rendered":"<p>Marta Torres Vilatarsana ens envia a trav\u00e9s d&#8217;Infoz\u00e8fir la informaci\u00f3 seg\u00fcent: La Xarxa T\u00e8cnica de Pol\u00edtica Ling\u00fc\u00edstica del Govern es torna a reunir despr\u00e9s de quatre anys Hi ha participat 80 persones provinents dels departaments de la Generalitat i d&#8217;altres organismes que en depenen. La xarxa t\u00e9 per objectiu emetre propostes per fomentar l&#8217;\u00fas del [&hellip;]<\/p>\n","protected":false},"author":2,"featured_media":0,"comment_status":"open","ping_status":"open","sticky":false,"template":"","format":"standard","meta":{"footnotes":""},"categories":[2,1,47,19,26,31],"tags":[223],"class_list":["post-2032","post","type-post","status-publish","format-standard","hentry","category-comunicacio","category-general","category-planificacio","category-politica","category-serveis-linguistics","category-tmpl","tag-generalitat-de-catalunya"],"_links":{"self":[{"href":"https:\/\/www.cdlpv.org\/dtl\/wp-json\/wp\/v2\/posts\/2032","targetHints":{"allow":["GET"]}}],"collection":[{"href":"https:\/\/www.cdlpv.org\/dtl\/wp-json\/wp\/v2\/posts"}],"about":[{"href":"https:\/\/www.cdlpv.org\/dtl\/wp-json\/wp\/v2\/types\/post"}],"author":[{"embeddable":true,"href":"https:\/\/www.cdlpv.org\/dtl\/wp-json\/wp\/v2\/users\/2"}],"replies":[{"embeddable":true,"href":"https:\/\/www.cdlpv.org\/dtl\/wp-json\/wp\/v2\/comments?post=2032"}],"version-history":[{"count":0,"href":"https:\/\/www.cdlpv.org\/dtl\/wp-json\/wp\/v2\/posts\/2032\/revisions"}],"wp:attachment":[{"href":"https:\/\/www.cdlpv.org\/dtl\/wp-json\/wp\/v2\/media?parent=2032"}],"wp:term":[{"taxonomy":"category","embeddable":true,"href":"https:\/\/www.cdlpv.org\/dtl\/wp-json\/wp\/v2\/categories?post=2032"},{"taxonomy":"post_tag","embeddable":true,"href":"https:\/\/www.cdlpv.org\/dtl\/wp-json\/wp\/v2\/tags?post=2032"}],"curies":[{"name":"wp","href":"https:\/\/api.w.org\/{rel}","templated":true}]}}